{"id":257091,"date":"2024-06-28T10:36:56","date_gmt":"2024-06-28T14:36:56","guid":{"rendered":"https:\/\/www.mapleleaffoods.com\/fr\/?p=257091"},"modified":"2024-07-02T10:03:57","modified_gmt":"2024-07-02T14:03:57","slug":"mois-de-lafierte-2024","status":"publish","type":"post","link":"https:\/\/www.mapleleaffoods.com\/fr\/articles-de-fond\/mois-de-lafierte-2024\/","title":{"rendered":"C\u00e9l\u00e9brer la fiert\u00e9 2024\u00a0: Fiert\u00e9, progr\u00e8s et joie de vivre"},"content":{"rendered":"\n<h2 class=\"wp-block-heading\">Aux Aliments Maple&nbsp;Leaf, nous croyons et nous croirons toujours que ce sont les liens d\u2019amour qui cr\u00e9ent les familles. C\u2019est pourquoi nous c\u00e9l\u00e9brons la communaut\u00e9 2SLGBTQIA+ \u00e0 l\u2019occasion du Mois de la fiert\u00e9 et bien plus encore!<\/h2>\n\n\n\n<p><strong>Par Janine&nbsp;Tamboli, directrice de la diversit\u00e9, de l\u2019\u00e9quit\u00e9 et de l\u2019inclusion<\/strong><\/p>\n\n\n\n<p>Le Mois de la fiert\u00e9 est une c\u00e9l\u00e9bration de la diversit\u00e9 et un t\u00e9moignage de l\u2019esprit des communaut\u00e9s 2SLGBTQIA+ \u00e0 travers le monde. Cette ann\u00e9e, sur fond de changements politiques et de d\u00e9fis sociaux, l\u2019essence de la fiert\u00e9 rev\u00eat un tout nouveau sens&nbsp;: la fiert\u00e9 n\u2019est pas seulement un d\u00e9fil\u00e9 ou une f\u00eate, mais une puissante d\u00e9claration d\u2019existence, d\u2019amour et, surtout, de joie de vivre.<\/p>\n\n\n\n<p>Aux Aliments Maple Leaf, nous sommes inspir\u00e9s par les histoires de celles et ceux qui, malgr\u00e9 l\u2019adversit\u00e9, choisissent de r\u00e9pondre par la joie dans le contexte actuel de la fiert\u00e9. Ces r\u00e9cits ne racontent pas seulement la survie, mais bel et bien l\u2019\u00e9panouissement dans une soci\u00e9t\u00e9 qui cherche souvent \u00e0 marginaliser les personnes diff\u00e9rentes. Les batailles l\u00e9gislatives pour les droits et la reconnaissance, les manifestations contre la discrimination et la lutte permanente pour l\u2019\u00e9galit\u00e9 d\u00e9peignent une r\u00e9alit\u00e9 pleine de tensions. Pourtant, au c\u0153ur de ce combat s\u2019exprime une joie ind\u00e9niable.<\/p>\n\n\n\n<p>Dans ce contexte, la joie de vivre est un acte de d\u00e9fi. C\u2019est le drapeau arc-en-ciel qui flotte au vent, les rires partag\u00e9s lors des rassemblements communautaires et l\u2019amour entre les gens. Ce sont les marches des fiert\u00e9s annuelles qui transforment les rues en avenues de c\u00e9l\u00e9bration, o\u00f9 chaque pas permet de se r\u00e9approprier l\u2019espace, une d\u00e9claration d\u2019existence et de fiert\u00e9. L\u2019\u00e9clat de la fiert\u00e9 ne saurait \u00eatre terni par les ombres des r\u00e9cents \u00e9v\u00e9nements; bien au contraire, nous apportons une lueur d\u2019espoir resplendissante et t\u00e9moignons de la force de l\u2019humanit\u00e9.<\/p>\n\n\n\n<p>Des membres de l\u2019\u00e9quipe dans l\u2019ensemble de l\u2019entreprise m\u2019ont fait savoir que, pour eux, le Mois de la fiert\u00e9 \u00e9tait extr\u00eamement valorisant. Ils se souviennent du premier d\u00e9fil\u00e9 de la fiert\u00e9 \u00e0 Toronto, organis\u00e9 par le <a href=\"https:\/\/www.mapleleaffoods.com\/fr\/nos-engagements\/personnel\/diversite-egalite-et-inclusion\/\">groupe de ressources pour les employ\u00e9s<\/a> Fiert\u00e9 et alli\u00e9s des Aliments Maple&nbsp;Leaf, qui n\u2019en \u00e9tait qu\u2019\u00e0 ses d\u00e9buts \u2013 l\u2019immense sentiment d\u2019appartenance qu\u2019ils ont \u00e9prouv\u00e9 en d\u00e9filant avec des \u00e9trangers qui auraient pu faire partie de leur famille. La joie de vivre \u00e9tait palpable, une exp\u00e9rience partag\u00e9e qui nous a rappel\u00e9 que nous faisons toutes et tous partie de quelque chose de plus grand, d\u2019une communaut\u00e9 li\u00e9e par l\u2019amour et l\u2019acceptation.<\/p>\n\n\n\n<h3 class=\"wp-block-heading\">La joie d\u2019une culture d\u2019entreprise inclusive<\/h3>\n\n\n\n<p>L\u2019une des le\u00e7ons les plus importantes que nous enseigne la fiert\u00e9 est que <strong>ce sont les liens d\u2019amour qui cr\u00e9ent les familles<\/strong>. La famille, ce n\u2019est pas seulement une structure traditionnelle, mais l\u2019amour qui nous lie. Cette ann\u00e9e, en rev\u00eatant les couleurs de l\u2019arc-en-ciel et en participant aux \u00e9v\u00e9nements de la fiert\u00e9, nous avons encore plus conscience de l\u2019importance d\u2019affirmer que la diversit\u00e9 de nos vies, de nos amours, de nos identit\u00e9s et de nos familles vaut la peine d\u2019\u00eatre c\u00e9l\u00e9br\u00e9e.<\/p>\n\n\n\n<p>Je suis ravie de faire partie d\u2019une organisation qui c\u00e9l\u00e8bre ouvertement tous les types de familles au sein de l\u2019entreprise et au-del\u00e0. Chaque ann\u00e9e, nous hissons le drapeau du progr\u00e8s de la fiert\u00e9 \u00e0 notre <a href=\"https:\/\/www.mapleleaffoods.com\/fr\/sur\/lieux\/maple-leaf-foods-head-office\/\">si\u00e8ge de Mississauga, en Ontario<\/a>, pour lancer le Mois de la fiert\u00e9. Au fil des ans, les membres de l\u2019\u00e9quipe nous font part de l\u2019importance que rev\u00eat pour eux la lev\u00e9e de ce drapeau. Dans un monde o\u00f9 les droits des personnes 2SLGBTQIA+ sont souvent remis en question, nous saisissons chaque instant pour apporter de la joie et montrer notre soutien \u00e0 cette communaut\u00e9.<\/p>\n\n\n\n<p>L\u2019ann\u00e9e derni\u00e8re, nous avons <a href=\"https:\/\/www.mapleleaffoods.com\/fr\/articles-de-fond\/prestations-de-soins-affirmant-le-genre\/\">introduit des avantages sociaux d\u2019affirmation de genre<\/a> et am\u00e9lior\u00e9 les aides pour la famille, selon notre conviction que ce sont les liens d\u2019amour qui cr\u00e9ent les familles. Cette ann\u00e9e, les membres de notre \u00e9quipe \u00e0 <a href=\"https:\/\/www.mapleleaffoods.com\/fr\/sur\/lieux\/winnipeg\/\">Winnipeg, au Manitoba<\/a>, ont particip\u00e9 au festival&nbsp;2024 de la fiert\u00e9 de Winnipeg, et nous soutenons \u00e9galement la fiert\u00e9 \u00e0 Toronto avec notre affiche \u00ab&nbsp;Love makes a family&nbsp;\u00bb et en fournissant les Natural Top&nbsp;Dogs<sup>MC<\/sup> de Maple&nbsp;Leaf\u00ae au barbecue.<\/p>\n\n\n\n<figure class=\"wp-block-image aligncenter size-full\"><img decoding=\"async\" width=\"630\" height=\"546\" src=\"https:\/\/www.mapleleaffoods.com\/fr\/wp-content\/uploads\/sites\/7\/2024\/06\/MLF-Blog-Pride2024-Image1.png\" alt=\"Les membres de l\u2019\u00e9quipe font du b\u00e9n\u00e9volat au festival 2024 de la fiert\u00e9 \u00e0 Winnipeg\" class=\"wp-image-257095\" srcset=\"https:\/\/b3412141.smushcdn.com\/3412141\/wp-content\/uploads\/sites\/7\/2024\/06\/MLF-Blog-Pride2024-Image1.png?lossy=1&amp;strip=1&amp;webp=1 630w, https:\/\/b3412141.smushcdn.com\/3412141\/wp-content\/uploads\/sites\/7\/2024\/06\/MLF-Blog-Pride2024-Image1-300x260.png?lossy=1&amp;strip=1&amp;webp=1 300w\" sizes=\"(max-width: 630px) 100vw, 630px\" \/><figcaption class=\"wp-element-caption\"><em>Les membres de l\u2019\u00e9quipe font du b\u00e9n\u00e9volat au festival&nbsp;2024 de la fiert\u00e9 \u00e0 Winnipeg<\/em><\/figcaption><\/figure>\n\n\n\n<p>Alors que nous nous rassemblons pour la fiert\u00e9, nous disons \u00e0 celles et ceux qui se sentent d\u00e9courag\u00e9s par l\u2019\u00e9tat actuel du monde&nbsp;: puisse la joie vous guider et vous aider \u00e0 trouver la force. En c\u00e9l\u00e9brant nos identit\u00e9s, nous tissons des liens qui transcendent les barri\u00e8res de la haine. La fiert\u00e9 t\u00e9moigne du fait que la joie, l\u2019amour et l\u2019acceptation ne sont pas seulement des solutions envisageables, mais n\u00e9cessaires.<\/p>\n\n\n\n<p>Aux Aliments Maple Leaf, nous sommes d\u00e9termin\u00e9s \u00e0 favoriser un environnement inclusif o\u00f9 tout le monde peut se sentir libre d\u2019\u00eatre soi-m\u00eame, ouvertement et avec fiert\u00e9. Pendant ce Mois de la fiert\u00e9, tout comme chaque mois, nous c\u00e9l\u00e9brons avec vous et continuons \u00e0 entretenir un environnement dans lequel vous pouvez \u00eatre entendus, vus et valoris\u00e9s afin de vous \u00e9panouir pleinement.<\/p>\n","protected":false},"excerpt":{"rendered":"<p>Aux Aliments Maple Leaf, nous croyons et nous croirons toujours que ce sont les liens d\u2019amour qui cr\u00e9ent les familles. C\u2019est pourquoi nous c\u00e9l\u00e9brons la communaut\u00e9 2SLGBTQIA+ \u00e0 l\u2019occasion du Mois de la fiert\u00e9 et bien plus encore! <\/p>\n","protected":false},"author":40,"featured_media":257094,"comment_status":"closed","ping_status":"closed","sticky":false,"template":"","format":"standard","meta":{"mlfcorp_iframe_url":"","footnotes":""},"categories":[55,7],"tags":[],"class_list":["post-257091","post","type-post","status-publish","format-standard","has-post-thumbnail","hentry","category-article-en-vedette","category-nos-employes"],"acf":[],"yoast_head":"<!-- This site is optimized with the Yoast SEO plugin v21.7 - https:\/\/yoast.com\/wordpress\/plugins\/seo\/ -->\n<title>Joie de vivre pendant le Mois de la fiert\u00e9 2024| Les Aliments Maple Leaf<\/title>\n<meta name=\"description\" content=\"Janine Tamboli, directrice de la diversit\u00e9, de l\u2019\u00e9quit\u00e9 et de l\u2019inclusion, parle du soutien des Aliments Maple Leaf \u00e0 la communaut\u00e9 ....\" \/>\n<meta name=\"robots\" content=\"index, follow, max-snippet:-1, max-image-preview:large, max-video-preview:-1\" \/>\n<link rel=\"canonical\" href=\"https:\/\/www.mapleleaffoods.com\/fr\/articles-de-fond\/mois-de-lafierte-2024\/\" \/>\n<meta property=\"og:locale\" content=\"fr_FR\" \/>\n<meta property=\"og:type\" content=\"article\" \/>\n<meta property=\"og:title\" content=\"Joie de vivre pendant le Mois de la fiert\u00e9 2024| Les Aliments Maple Leaf\" \/>\n<meta property=\"og:description\" content=\"Janine Tamboli, directrice de la diversit\u00e9, de l\u2019\u00e9quit\u00e9 et de l\u2019inclusion, parle du soutien des Aliments Maple Leaf \u00e0 la communaut\u00e9 ....\" \/>\n<meta property=\"og:url\" content=\"https:\/\/www.mapleleaffoods.com\/fr\/articles-de-fond\/mois-de-lafierte-2024\/\" \/>\n<meta property=\"og:site_name\" content=\"Les Aliments Maple Leaf\" \/>\n<meta property=\"article:published_time\" content=\"2024-06-28T14:36:56+00:00\" \/>\n<meta property=\"article:modified_time\" content=\"2024-07-02T14:03:57+00:00\" \/>\n<meta property=\"og:image\" content=\"https:\/\/www.mapleleaffoods.com\/fr\/wp-content\/uploads\/sites\/7\/2024\/06\/MLF-Blog-Pride2024-Cover.png\" \/>\n\t<meta property=\"og:image:width\" content=\"956\" \/>\n\t<meta property=\"og:image:height\" content=\"519\" \/>\n\t<meta property=\"og:image:type\" content=\"image\/png\" \/>\n<meta name=\"author\" content=\"klenartowicz\" \/>\n<meta name=\"twitter:card\" content=\"summary_large_image\" \/>\n<meta name=\"twitter:label1\" content=\"\u00c9crit par\" \/>\n\t<meta name=\"twitter:data1\" content=\"klenartowicz\" \/>\n\t<meta name=\"twitter:label2\" content=\"Dur\u00e9e de lecture estim\u00e9e\" \/>\n\t<meta name=\"twitter:data2\" content=\"5 minutes\" \/>\n<script type=\"application\/ld+json\" class=\"yoast-schema-graph\">{\"@context\":\"https:\/\/schema.org\",\"@graph\":[{\"@type\":\"Article\",\"@id\":\"https:\/\/www.mapleleaffoods.com\/fr\/articles-de-fond\/mois-de-lafierte-2024\/#article\",\"isPartOf\":{\"@id\":\"https:\/\/www.mapleleaffoods.com\/fr\/articles-de-fond\/mois-de-lafierte-2024\/\"},\"author\":{\"name\":\"klenartowicz\",\"@id\":\"https:\/\/www.mapleleaffoods.com\/fr\/#\/schema\/person\/c30bc4f8b7ce94f797eaaf4b671601b4\"},\"headline\":\"C\u00e9l\u00e9brer la fiert\u00e9 2024\u00a0: Fiert\u00e9, progr\u00e8s et joie de vivre\",\"datePublished\":\"2024-06-28T14:36:56+00:00\",\"dateModified\":\"2024-07-02T14:03:57+00:00\",\"mainEntityOfPage\":{\"@id\":\"https:\/\/www.mapleleaffoods.com\/fr\/articles-de-fond\/mois-de-lafierte-2024\/\"},\"wordCount\":954,\"publisher\":{\"@id\":\"https:\/\/www.mapleleaffoods.com\/fr\/#organization\"},\"articleSection\":[\"Article en vedette\",\"Nos employ\u00e9s\"],\"inLanguage\":\"fr-FR\"},{\"@type\":\"WebPage\",\"@id\":\"https:\/\/www.mapleleaffoods.com\/fr\/articles-de-fond\/mois-de-lafierte-2024\/\",\"url\":\"https:\/\/www.mapleleaffoods.com\/fr\/articles-de-fond\/mois-de-lafierte-2024\/\",\"name\":\"Joie de vivre pendant le Mois de la fiert\u00e9 2024| Les Aliments Maple Leaf\",\"isPartOf\":{\"@id\":\"https:\/\/www.mapleleaffoods.com\/fr\/#website\"},\"datePublished\":\"2024-06-28T14:36:56+00:00\",\"dateModified\":\"2024-07-02T14:03:57+00:00\",\"description\":\"Janine Tamboli, directrice de la diversit\u00e9, de l\u2019\u00e9quit\u00e9 et de l\u2019inclusion, parle du soutien des Aliments Maple Leaf \u00e0 la communaut\u00e9 ....\",\"breadcrumb\":{\"@id\":\"https:\/\/www.mapleleaffoods.com\/fr\/articles-de-fond\/mois-de-lafierte-2024\/#breadcrumb\"},\"inLanguage\":\"fr-FR\",\"potentialAction\":[{\"@type\":\"ReadAction\",\"target\":[\"https:\/\/www.mapleleaffoods.com\/fr\/articles-de-fond\/mois-de-lafierte-2024\/\"]}]},{\"@type\":\"BreadcrumbList\",\"@id\":\"https:\/\/www.mapleleaffoods.com\/fr\/articles-de-fond\/mois-de-lafierte-2024\/#breadcrumb\",\"itemListElement\":[{\"@type\":\"ListItem\",\"position\":1,\"name\":\"Page d\u2019accueil\",\"item\":\"https:\/\/www.mapleleaffoods.com\/fr\/\"},{\"@type\":\"ListItem\",\"position\":2,\"name\":\"C\u00e9l\u00e9brer la fiert\u00e9 2024\u00a0: Fiert\u00e9, progr\u00e8s et joie de vivre\"}]},{\"@type\":\"WebSite\",\"@id\":\"https:\/\/www.mapleleaffoods.com\/fr\/#website\",\"url\":\"https:\/\/www.mapleleaffoods.com\/fr\/\",\"name\":\"Les Aliments Maple Leaf\",\"description\":\"Premi\u00e8re grande entreprise alimentaire carboneutre au monde\",\"publisher\":{\"@id\":\"https:\/\/www.mapleleaffoods.com\/fr\/#organization\"},\"potentialAction\":[{\"@type\":\"SearchAction\",\"target\":{\"@type\":\"EntryPoint\",\"urlTemplate\":\"https:\/\/www.mapleleaffoods.com\/fr\/?s={search_term_string}\"},\"query-input\":\"required name=search_term_string\"}],\"inLanguage\":\"fr-FR\"},{\"@type\":\"Organization\",\"@id\":\"https:\/\/www.mapleleaffoods.com\/fr\/#organization\",\"name\":\"Les Aliments Maple Leaf\",\"url\":\"https:\/\/www.mapleleaffoods.com\/fr\/\",\"logo\":{\"@type\":\"ImageObject\",\"inLanguage\":\"fr-FR\",\"@id\":\"https:\/\/www.mapleleaffoods.com\/fr\/#\/schema\/logo\/image\/\",\"url\":\"https:\/\/www.mapleleaffoods.com\/fr\/wp-content\/uploads\/sites\/7\/2026\/02\/L_MapleLeaf_4C_White_v1_EN.png\",\"contentUrl\":\"https:\/\/www.mapleleaffoods.com\/fr\/wp-content\/uploads\/sites\/7\/2026\/02\/L_MapleLeaf_4C_White_v1_EN.png\",\"width\":1829,\"height\":2200,\"caption\":\"Les Aliments Maple Leaf\"},\"image\":{\"@id\":\"https:\/\/www.mapleleaffoods.com\/fr\/#\/schema\/logo\/image\/\"}},{\"@type\":\"Person\",\"@id\":\"https:\/\/www.mapleleaffoods.com\/fr\/#\/schema\/person\/c30bc4f8b7ce94f797eaaf4b671601b4\",\"name\":\"klenartowicz\",\"image\":{\"@type\":\"ImageObject\",\"inLanguage\":\"fr-FR\",\"@id\":\"https:\/\/www.mapleleaffoods.com\/fr\/#\/schema\/person\/image\/\",\"url\":\"https:\/\/secure.gravatar.com\/avatar\/d6cd8d4a47e2a633ca8947b7c14b1ec5?s=96&d=mm&r=g\",\"contentUrl\":\"https:\/\/secure.gravatar.com\/avatar\/d6cd8d4a47e2a633ca8947b7c14b1ec5?s=96&d=mm&r=g\",\"caption\":\"klenartowicz\"}}]}<\/script>\n<!-- \/ Yoast SEO plugin. -->","yoast_head_json":{"title":"Joie de vivre pendant le Mois de la fiert\u00e9 2024| Les Aliments Maple Leaf","description":"Janine Tamboli, directrice de la diversit\u00e9, de l\u2019\u00e9quit\u00e9 et de l\u2019inclusion, parle du soutien des Aliments Maple Leaf \u00e0 la communaut\u00e9 ....","robots":{"index":"index","follow":"follow","max-snippet":"max-snippet:-1","max-image-preview":"max-image-preview:large","max-video-preview":"max-video-preview:-1"},"canonical":"https:\/\/www.mapleleaffoods.com\/fr\/articles-de-fond\/mois-de-lafierte-2024\/","og_locale":"fr_FR","og_type":"article","og_title":"Joie de vivre pendant le Mois de la fiert\u00e9 2024| Les Aliments Maple Leaf","og_description":"Janine Tamboli, directrice de la diversit\u00e9, de l\u2019\u00e9quit\u00e9 et de l\u2019inclusion, parle du soutien des Aliments Maple Leaf \u00e0 la communaut\u00e9 ....","og_url":"https:\/\/www.mapleleaffoods.com\/fr\/articles-de-fond\/mois-de-lafierte-2024\/","og_site_name":"Les Aliments Maple Leaf","article_published_time":"2024-06-28T14:36:56+00:00","article_modified_time":"2024-07-02T14:03:57+00:00","og_image":[{"width":956,"height":519,"url":"https:\/\/www.mapleleaffoods.com\/fr\/wp-content\/uploads\/sites\/7\/2024\/06\/MLF-Blog-Pride2024-Cover.png","type":"image\/png"}],"author":"klenartowicz","twitter_card":"summary_large_image","twitter_misc":{"\u00c9crit par":"klenartowicz","Dur\u00e9e de lecture estim\u00e9e":"5 minutes"},"schema":{"@context":"https:\/\/schema.org","@graph":[{"@type":"Article","@id":"https:\/\/www.mapleleaffoods.com\/fr\/articles-de-fond\/mois-de-lafierte-2024\/#article","isPartOf":{"@id":"https:\/\/www.mapleleaffoods.com\/fr\/articles-de-fond\/mois-de-lafierte-2024\/"},"author":{"name":"klenartowicz","@id":"https:\/\/www.mapleleaffoods.com\/fr\/#\/schema\/person\/c30bc4f8b7ce94f797eaaf4b671601b4"},"headline":"C\u00e9l\u00e9brer la fiert\u00e9 2024\u00a0: Fiert\u00e9, progr\u00e8s et joie de vivre","datePublished":"2024-06-28T14:36:56+00:00","dateModified":"2024-07-02T14:03:57+00:00","mainEntityOfPage":{"@id":"https:\/\/www.mapleleaffoods.com\/fr\/articles-de-fond\/mois-de-lafierte-2024\/"},"wordCount":954,"publisher":{"@id":"https:\/\/www.mapleleaffoods.com\/fr\/#organization"},"articleSection":["Article en vedette","Nos employ\u00e9s"],"inLanguage":"fr-FR"},{"@type":"WebPage","@id":"https:\/\/www.mapleleaffoods.com\/fr\/articles-de-fond\/mois-de-lafierte-2024\/","url":"https:\/\/www.mapleleaffoods.com\/fr\/articles-de-fond\/mois-de-lafierte-2024\/","name":"Joie de vivre pendant le Mois de la fiert\u00e9 2024| Les Aliments Maple Leaf","isPartOf":{"@id":"https:\/\/www.mapleleaffoods.com\/fr\/#website"},"datePublished":"2024-06-28T14:36:56+00:00","dateModified":"2024-07-02T14:03:57+00:00","description":"Janine Tamboli, directrice de la diversit\u00e9, de l\u2019\u00e9quit\u00e9 et de l\u2019inclusion, parle du soutien des Aliments Maple Leaf \u00e0 la communaut\u00e9 ....","breadcrumb":{"@id":"https:\/\/www.mapleleaffoods.com\/fr\/articles-de-fond\/mois-de-lafierte-2024\/#breadcrumb"},"inLanguage":"fr-FR","potentialAction":[{"@type":"ReadAction","target":["https:\/\/www.mapleleaffoods.com\/fr\/articles-de-fond\/mois-de-lafierte-2024\/"]}]},{"@type":"BreadcrumbList","@id":"https:\/\/www.mapleleaffoods.com\/fr\/articles-de-fond\/mois-de-lafierte-2024\/#breadcrumb","itemListElement":[{"@type":"ListItem","position":1,"name":"Page d\u2019accueil","item":"https:\/\/www.mapleleaffoods.com\/fr\/"},{"@type":"ListItem","position":2,"name":"C\u00e9l\u00e9brer la fiert\u00e9 2024\u00a0: Fiert\u00e9, progr\u00e8s et joie de vivre"}]},{"@type":"WebSite","@id":"https:\/\/www.mapleleaffoods.com\/fr\/#website","url":"https:\/\/www.mapleleaffoods.com\/fr\/","name":"Les Aliments Maple Leaf","description":"Premi\u00e8re grande entreprise alimentaire carboneutre au monde","publisher":{"@id":"https:\/\/www.mapleleaffoods.com\/fr\/#organization"},"potentialAction":[{"@type":"SearchAction","target":{"@type":"EntryPoint","urlTemplate":"https:\/\/www.mapleleaffoods.com\/fr\/?s={search_term_string}"},"query-input":"required name=search_term_string"}],"inLanguage":"fr-FR"},{"@type":"Organization","@id":"https:\/\/www.mapleleaffoods.com\/fr\/#organization","name":"Les Aliments Maple Leaf","url":"https:\/\/www.mapleleaffoods.com\/fr\/","logo":{"@type":"ImageObject","inLanguage":"fr-FR","@id":"https:\/\/www.mapleleaffoods.com\/fr\/#\/schema\/logo\/image\/","url":"https:\/\/www.mapleleaffoods.com\/fr\/wp-content\/uploads\/sites\/7\/2026\/02\/L_MapleLeaf_4C_White_v1_EN.png","contentUrl":"https:\/\/www.mapleleaffoods.com\/fr\/wp-content\/uploads\/sites\/7\/2026\/02\/L_MapleLeaf_4C_White_v1_EN.png","width":1829,"height":2200,"caption":"Les Aliments Maple Leaf"},"image":{"@id":"https:\/\/www.mapleleaffoods.com\/fr\/#\/schema\/logo\/image\/"}},{"@type":"Person","@id":"https:\/\/www.mapleleaffoods.com\/fr\/#\/schema\/person\/c30bc4f8b7ce94f797eaaf4b671601b4","name":"klenartowicz","image":{"@type":"ImageObject","inLanguage":"fr-FR","@id":"https:\/\/www.mapleleaffoods.com\/fr\/#\/schema\/person\/image\/","url":"https:\/\/secure.gravatar.com\/avatar\/d6cd8d4a47e2a633ca8947b7c14b1ec5?s=96&d=mm&r=g","contentUrl":"https:\/\/secure.gravatar.com\/avatar\/d6cd8d4a47e2a633ca8947b7c14b1ec5?s=96&d=mm&r=g","caption":"klenartowicz"}}]}},"jetpack_featured_media_url":"https:\/\/www.mapleleaffoods.com\/fr\/wp-content\/uploads\/sites\/7\/2024\/06\/MLF-Blog-Pride2024-Cover.png","jetpack_sharing_enabled":true,"_links":{"self":[{"href":"https:\/\/www.mapleleaffoods.com\/fr\/wp-json\/wp\/v2\/posts\/257091"}],"collection":[{"href":"https:\/\/www.mapleleaffoods.com\/fr\/wp-json\/wp\/v2\/posts"}],"about":[{"href":"https:\/\/www.mapleleaffoods.com\/fr\/wp-json\/wp\/v2\/types\/post"}],"author":[{"embeddable":true,"href":"https:\/\/www.mapleleaffoods.com\/fr\/wp-json\/wp\/v2\/users\/40"}],"replies":[{"embeddable":true,"href":"https:\/\/www.mapleleaffoods.com\/fr\/wp-json\/wp\/v2\/comments?post=257091"}],"version-history":[{"count":5,"href":"https:\/\/www.mapleleaffoods.com\/fr\/wp-json\/wp\/v2\/posts\/257091\/revisions"}],"predecessor-version":[{"id":257102,"href":"https:\/\/www.mapleleaffoods.com\/fr\/wp-json\/wp\/v2\/posts\/257091\/revisions\/257102"}],"wp:featuredmedia":[{"embeddable":true,"href":"https:\/\/www.mapleleaffoods.com\/fr\/wp-json\/wp\/v2\/media\/257094"}],"wp:attachment":[{"href":"https:\/\/www.mapleleaffoods.com\/fr\/wp-json\/wp\/v2\/media?parent=257091"}],"wp:term":[{"taxonomy":"category","embeddable":true,"href":"https:\/\/www.mapleleaffoods.com\/fr\/wp-json\/wp\/v2\/categories?post=257091"},{"taxonomy":"post_tag","embeddable":true,"href":"https:\/\/www.mapleleaffoods.com\/fr\/wp-json\/wp\/v2\/tags?post=257091"}],"curies":[{"name":"wp","href":"https:\/\/api.w.org\/{rel}","templated":true}]}}