{"id":255784,"date":"2023-11-23T12:30:28","date_gmt":"2023-11-23T17:30:28","guid":{"rendered":"https:\/\/www.mapleleaffoods.com\/fr\/?p=255784"},"modified":"2024-01-29T12:35:34","modified_gmt":"2024-01-29T17:35:34","slug":"4th-symposium-annuel-la-securite-alimentaire","status":"publish","type":"post","link":"https:\/\/www.mapleleaffoods.com\/fr\/articles-de-fond\/4th-symposium-annuel-la-securite-alimentaire\/","title":{"rendered":"R\u00e9flexion sur le quatri\u00e8me Symposium annuel sur la s\u00e9curit\u00e9 alimentaire pr\u00e9sent\u00e9 par le Centre de Maple Leaf pour la s\u00e9curit\u00e9 alimentaire"},"content":{"rendered":"\n<h2 class=\"wp-block-heading\">Inspirer l\u2019espoir et acc\u00e9l\u00e9rer le changement pour faire face \u00e0 la crise de l\u2019ins\u00e9curit\u00e9 alimentaire.<\/h2>\n\n\n\n<p><strong>Par Sarah Stern, directrice g\u00e9n\u00e9rale, Centre de Maple Leaf pour la s\u00e9curit\u00e9 alimentaire<\/strong><strong><\/strong><\/p>\n\n\n\n<p>Le 16&nbsp;novembre, le Centre de Maple Leaf pour la s\u00e9curit\u00e9 alimentaire a eu le plaisir de tenir son quatri\u00e8me Symposium annuel sur la s\u00e9curit\u00e9 alimentaire. Plus de 160&nbsp;personnes issues des autorit\u00e9s gouvernementales, du secteur priv\u00e9, du milieu universitaire et de la soci\u00e9t\u00e9 civile se sont r\u00e9unies \u00e0 Toronto pour se pencher sur des approches intersectorielles visant \u00e0 faire face \u00e0 la crise de l\u2019ins\u00e9curit\u00e9 alimentaire au Canada qui ne cesse de s\u2019aggraver.<\/p>\n\n\n\n<p>Le <a href=\"https:\/\/www.feedopportunity.com\/\" target=\"_blank\" rel=\"noreferrer noopener\">Centre de Maple Leaf pour la s\u00e9curit\u00e9 alimentaire&nbsp;:<\/a> (le \u00ab&nbsp;Centre&nbsp;\u00bb) a \u00e9t\u00e9 cr\u00e9\u00e9 en 2016 avec pour mission de r\u00e9duire de moiti\u00e9 l\u2019ins\u00e9curit\u00e9 alimentaire au Canada d\u2019ici 2030. Dans mon mot d\u2019ouverture, j\u2019ai dit qu\u2019il s\u2019agissait d\u2019un objectif ambitieux et audacieux, d\u2019autant plus que l\u2019<a href=\"https:\/\/www.mapleleaffoods.com\/fr\/nos-engagements\/collectivites\/insecurite-alimentaire\/\">ins\u00e9curit\u00e9 alimentaire<\/a> au Canada n\u2019a fait qu\u2019empirer au cours des derni\u00e8res ann\u00e9es. \u00c0 l\u2019heure actuelle, pr\u00e8s de sept&nbsp;millions de Canadiens, dont un enfant sur quatre, sont en situation d\u2019ins\u00e9curit\u00e9 alimentaire.<\/p>\n\n\n\n<p>Pour atteindre cet objectif d\u2019ici les sept&nbsp;prochaines ann\u00e9es, nous devons agir plus rapidement que jamais. Et nous avons de nombreuses raisons de croire que nous en sommes capables, en particulier si nous travaillons ensemble.<\/p>\n\n\n\n<p>Cette ann\u00e9e, le Symposium sur la s\u00e9curit\u00e9 alimentaire visait \u00e0 faire la lumi\u00e8re sur certains \u00e9l\u00e9ments porteurs d\u2019espoir, comme la politique progressive mise de l\u2019avant \u00e0 Terre-Neuve-et-Labrador et la Prestation canadienne pour les personnes handicap\u00e9es, le d\u00e9veloppement de programmes de prescription alimentaire, l\u2019acc\u00e8s simplifi\u00e9 aux prestations gouvernementales et des exemples de mouvements qui ont r\u00e9ussi \u00e0 r\u00e9duire la pauvret\u00e9 chez les enfants. Nous avons conclu la journ\u00e9e en appelant le public \u00e0 se joindre \u00e0 nous pour exhorter le gouvernement f\u00e9d\u00e9ral \u00e0 fixer un objectif de r\u00e9duction de l\u2019ins\u00e9curit\u00e9 alimentaire. Nous savons que les objectifs audacieux poussent \u00e0 l\u2019action, et nous pensons que c\u2019est ce qu\u2019il faut faire pour provoquer le changement.<\/p>\n\n\n\n<p>Michael&nbsp;McCain, pr\u00e9sident honoraire du Centre, a donn\u00e9 le coup d\u2019envoi au Symposium en implorant les gouvernements, le secteur priv\u00e9 et la soci\u00e9t\u00e9 civile de faire de la crise actuelle une priorit\u00e9. \u00ab&nbsp;Nous devons travailler ensemble \u00e0 l\u2019\u00e9tablissement d\u2019objectifs clairs et r\u00e9alisables visant \u00e0 r\u00e9duire l\u2019ins\u00e9curit\u00e9 alimentaire de 50&nbsp;% d\u2019ici 2030 et \u00e0 \u00e9liminer l\u2019ins\u00e9curit\u00e9 alimentaire grave. Cela nous donne sept&nbsp;ans, soit assez de temps pour apporter les r\u00e9formes n\u00e9cessaires aux programmes et aux politiques publiques, obtenir la collaboration des parties prenantes et intensifier les interventions ayant des effets durables. Nous devons nous mobiliser de toute urgence.&nbsp;\u00bb&nbsp;&nbsp;<\/p>\n\n\n\n<h3 class=\"wp-block-heading\">Analyser les donn\u00e9es sur l\u2019ins\u00e9curit\u00e9 alimentaire<\/h3>\n\n\n\n<p>Lors de la premi\u00e8re s\u00e9ance de la journ\u00e9e, les conf\u00e9renciers ont explor\u00e9 le lien entre pauvret\u00e9 et ins\u00e9curit\u00e9 alimentaire. Ma coll\u00e8gue Merryn&nbsp;Maynard, gestionnaire des retomb\u00e9es sociales, s\u2019est entretenue avec les experts Andrew&nbsp;Heisz, directeur du Centre de la statistique du revenu et du bien-\u00eatre socio-\u00e9conomique de Statistique Canada, Geranda&nbsp;Notten, professeure d\u2019analyse comparative des politiques publiques \u00e0 l\u2019Universit\u00e9 d\u2019Ottawa, et Sharanjit&nbsp;Uppal, \u00e9conomiste recherchiste principal \u00e0 Statistique Canada.<\/p>\n\n\n\n<p>L\u2019un de leurs principaux constats est que bon nombre des outils que nous utilisons pour mesurer la pauvret\u00e9 et l\u2019ins\u00e9curit\u00e9 alimentaire au pays n\u2019arrivent pas \u00e0 rendre compte de la complexit\u00e9 des circonstances qui m\u00e8nent \u00e0 ces situations. M.&nbsp;Heisz a affirm\u00e9 qu\u2019\u00ab&nbsp;on d\u00e9signe souvent les gens comme \u00e9tant uniquement en situation d\u2019ins\u00e9curit\u00e9 alimentaire, et non de pauvret\u00e9. Au Canada, certains groupes sont plus \u00e0 risque que d\u2019autres d\u2019\u00eatre en situation de pauvret\u00e9 ou d\u2019ins\u00e9curit\u00e9 alimentaire. C\u2019est le cas des populations autochtones et racis\u00e9es.&nbsp;\u00bb&nbsp;<\/p>\n\n\n\n<p>M.&nbsp;Uppal a indiqu\u00e9 qu\u2019\u00e9tonnamment, huit&nbsp;familles en situation d\u2019ins\u00e9curit\u00e9 alimentaire sur dix vivent au-dessus du seuil de pauvret\u00e9 et ne peuvent donc pas profiter de nombreux programmes et politiques. \u00ab&nbsp;On pense que l\u2019ins\u00e9curit\u00e9 alimentaire touche principalement les personnes vivant sous le seuil de pauvret\u00e9, mais ce n\u2019est pas n\u00e9cessairement le cas.&nbsp;\u00bb&nbsp;&nbsp;<\/p>\n\n\n\n<h3 class=\"wp-block-heading\">Des politiques publiques prometteuses<\/h3>\n\n\n\n<p>Saviez-vous que 22&nbsp;% de la population canadienne a un handicap et que 46&nbsp;% de ces personnes vivent sous le seuil de pauvret\u00e9? Et saviez-vous que 50&nbsp;% des personnes en situation d\u2019ins\u00e9curit\u00e9 alimentaire vivent avec un handicap? Seulement 59&nbsp;% des personnes handicap\u00e9es occupent un emploi, m\u00eame si beaucoup plus sont aptes \u00e0 travailler moyennant des mesures de soutien appropri\u00e9es.&nbsp;C\u2019est ce qu\u2019a r\u00e9v\u00e9l\u00e9 Krista&nbsp;Carr, vice-pr\u00e9sidente \u00e0 la direction d\u2019Inclusion Canada, durant sa pr\u00e9sentation sur la promotion de politiques progressives.<\/p>\n\n\n\n<p>En compagnie d\u2019Aisling&nbsp;Gogan, sous-ministre adjointe au minist\u00e8re des Enfants, des A\u00een\u00e9s et du D\u00e9veloppement social du gouvernement de Terre-Neuve-et-Labrador, et du D<sup>r<\/sup>&nbsp;Kwame&nbsp;McKenzie, directeur g\u00e9n\u00e9ral du Wellesley Institute, David&nbsp;Herle, associ\u00e9 principal du Gandalf Group, a anim\u00e9 une discussion int\u00e9ressante sur les politiques publiques susceptibles d\u2019avoir une grande incidence sur la r\u00e9duction de l\u2019ins\u00e9curit\u00e9 alimentaire.<\/p>\n\n\n\n<p>De concert avec de nombreuses organisations de lutte contre la pauvret\u00e9 et de d\u00e9fense des droits des personnes, le Centre r\u00e9clame la mise en \u0153uvre de l\u2019une des politiques en question&nbsp;: la Prestation canadienne pour les personnes handicap\u00e9es. Cette prestation permettrait aux Canadiens handicap\u00e9s de se sortir de la pauvret\u00e9 et de l\u2019ins\u00e9curit\u00e9 alimentaire en leur garantissant un revenu de base stable pour couvrir les d\u00e9penses de premi\u00e8re n\u00e9cessit\u00e9, comme le loyer, la nourriture et les frais m\u00e9dicaux. Les personnes handicap\u00e9es b\u00e9n\u00e9ficiant de l\u2019assistance gouvernementale actuelle s\u2019endettent et sont souvent contraintes de sauter des repas en raison du peu d\u2019argent qu\u2019il leur reste \u00e0 la fin du mois apr\u00e8s avoir pay\u00e9 le loyer et les factures importantes.<\/p>\n\n\n\n<p>\u00ab&nbsp;Nous attendons avec impatience la mise en \u0153uvre de la Prestation canadienne pour les personnes handicap\u00e9es, et cette attente bloque l\u2019avancement d\u2019autres mesures&nbsp;\u00bb, a d\u00e9clar\u00e9 M<sup>me<\/sup>&nbsp;Gogan lors de la discussion sur cette politique.&nbsp;&nbsp; &nbsp;<\/p>\n\n\n\n<p>Aisling a \u00e9galement parl\u00e9 des nouveaux efforts d\u00e9ploy\u00e9s \u00e0 Terre-Neuve-et-Labrador pour agir sur les d\u00e9terminants sociaux de la sant\u00e9, notamment l\u2019expansion d\u2019un programme de stabilit\u00e9 de l\u2019emploi, l\u2019augmentation du soutien offert aux familles avec de jeunes enfants pour r\u00e9duire la pauvret\u00e9 et l\u2019ins\u00e9curit\u00e9 alimentaire chez les enfants et la cr\u00e9ation de programmes garantissant un revenu de base aupr\u00e8s des personnes de 60 \u00e0 64&nbsp;ans et des jeunes qui quittent leur foyer d\u2019accueil. Nous vous donnerons bient\u00f4t des pr\u00e9cisions sur les partenariats en place \u00e0 Terre-Neuve!<\/p>\n\n\n\n<div class=\"wp-block-jetpack-slideshow aligncenter\" data-effect=\"slide\"><div class=\"wp-block-jetpack-slideshow_container swiper-container\"><ul class=\"wp-block-jetpack-slideshow_swiper-wrapper swiper-wrapper\"><li class=\"wp-block-jetpack-slideshow_slide swiper-slide\"><figure><img decoding=\"async\" width=\"630\" height=\"546\" alt=\"Discours d'ouverture de Michael McCain au Symposium sur la s\u00e9curit\u00e9 alimentaire\" class=\"wp-block-jetpack-slideshow_image wp-image-255795\" data-id=\"255795\" src=\"https:\/\/www.mapleleaffoods.com\/fr\/wp-content\/uploads\/sites\/7\/2023\/11\/MLF-Blog-FoodSecuritySymposium-Image6.jpg\" srcset=\"https:\/\/b3412141.smushcdn.com\/3412141\/wp-content\/uploads\/sites\/7\/2023\/11\/MLF-Blog-FoodSecuritySymposium-Image6.jpg?lossy=1&amp;strip=1&amp;webp=1 630w, https:\/\/b3412141.smushcdn.com\/3412141\/wp-content\/uploads\/sites\/7\/2023\/11\/MLF-Blog-FoodSecuritySymposium-Image6-300x260.jpg?lossy=1&amp;strip=1&amp;webp=1 300w\" sizes=\"(max-width: 630px) 100vw, 630px\" \/><figcaption class=\"wp-block-jetpack-slideshow_caption gallery-caption\">Discours d'ouverture de Michael McCain au Symposium sur la s\u00e9curit\u00e9 alimentaire<\/figcaption><\/figure><\/li><li class=\"wp-block-jetpack-slideshow_slide swiper-slide\"><figure><img decoding=\"async\" width=\"630\" height=\"546\" alt=\"Pr\u00e9sentation surmonter les obstacles \u00e0 l'emploi par Veronika Shepotko et Wilson Peinado\" class=\"wp-block-jetpack-slideshow_image wp-image-255796\" data-id=\"255796\" src=\"https:\/\/www.mapleleaffoods.com\/fr\/wp-content\/uploads\/sites\/7\/2023\/11\/MLF-Blog-FoodSecuritySymposium-Image7.jpg\" srcset=\"https:\/\/b3412141.smushcdn.com\/3412141\/wp-content\/uploads\/sites\/7\/2023\/11\/MLF-Blog-FoodSecuritySymposium-Image7.jpg?lossy=1&amp;strip=1&amp;webp=1 630w, https:\/\/b3412141.smushcdn.com\/3412141\/wp-content\/uploads\/sites\/7\/2023\/11\/MLF-Blog-FoodSecuritySymposium-Image7-300x260.jpg?lossy=1&amp;strip=1&amp;webp=1 300w\" sizes=\"(max-width: 630px) 100vw, 630px\" \/><figcaption class=\"wp-block-jetpack-slideshow_caption gallery-caption\">Pr\u00e9sentation surmonter les obstacles \u00e0 l'emploi par Veronika Shepotko et Wilson Peinado<\/figcaption><\/figure><\/li><li class=\"wp-block-jetpack-slideshow_slide swiper-slide\"><figure><img decoding=\"async\" width=\"630\" height=\"546\" alt=\"Pr\u00e9sentation Aper\u00e7u de la relation entre la pauvret\u00e9 et l'ins\u00e9curit\u00e9 alimentaire\" class=\"wp-block-jetpack-slideshow_image wp-image-255797\" data-id=\"255797\" src=\"https:\/\/www.mapleleaffoods.com\/fr\/wp-content\/uploads\/sites\/7\/2023\/11\/MLF-Blog-FoodSecuritySymposium-Image8.jpg\" srcset=\"https:\/\/b3412141.smushcdn.com\/3412141\/wp-content\/uploads\/sites\/7\/2023\/11\/MLF-Blog-FoodSecuritySymposium-Image8.jpg?lossy=1&amp;strip=1&amp;webp=1 630w, https:\/\/b3412141.smushcdn.com\/3412141\/wp-content\/uploads\/sites\/7\/2023\/11\/MLF-Blog-FoodSecuritySymposium-Image8-300x260.jpg?lossy=1&amp;strip=1&amp;webp=1 300w\" sizes=\"(max-width: 630px) 100vw, 630px\" \/><figcaption class=\"wp-block-jetpack-slideshow_caption gallery-caption\">Pr\u00e9sentation Aper\u00e7u de la relation entre la pauvret\u00e9 et l'ins\u00e9curit\u00e9 alimentaire<\/figcaption><\/figure><\/li><li class=\"wp-block-jetpack-slideshow_slide swiper-slide\"><figure><img decoding=\"async\" width=\"630\" height=\"546\" alt=\"Vivre dans une communaut\u00e9 du Nord, pr\u00e9sentation de Cheryl Antonio et Tasha Monkman\" class=\"wp-block-jetpack-slideshow_image wp-image-255798\" data-id=\"255798\" src=\"https:\/\/www.mapleleaffoods.com\/fr\/wp-content\/uploads\/sites\/7\/2023\/11\/MLF-Blog-FoodSecuritySymposium-Image9.jpg\" srcset=\"https:\/\/b3412141.smushcdn.com\/3412141\/wp-content\/uploads\/sites\/7\/2023\/11\/MLF-Blog-FoodSecuritySymposium-Image9.jpg?lossy=1&amp;strip=1&amp;webp=1 630w, https:\/\/b3412141.smushcdn.com\/3412141\/wp-content\/uploads\/sites\/7\/2023\/11\/MLF-Blog-FoodSecuritySymposium-Image9-300x260.jpg?lossy=1&amp;strip=1&amp;webp=1 300w\" sizes=\"(max-width: 630px) 100vw, 630px\" \/><figcaption class=\"wp-block-jetpack-slideshow_caption gallery-caption\">Vivre dans une communaut\u00e9 du Nord, pr\u00e9sentation de Cheryl Antonio et Tasha Monkman<\/figcaption><\/figure><\/li><li class=\"wp-block-jetpack-slideshow_slide swiper-slide\"><figure><img decoding=\"async\" width=\"630\" height=\"546\" alt=\"Pr\u00e9sentation pour une politique progressiste\" class=\"wp-block-jetpack-slideshow_image wp-image-255799\" data-id=\"255799\" src=\"https:\/\/www.mapleleaffoods.com\/fr\/wp-content\/uploads\/sites\/7\/2023\/11\/MLF-Blog-FoodSecuritySymposium-Image10.jpg\" srcset=\"https:\/\/b3412141.smushcdn.com\/3412141\/wp-content\/uploads\/sites\/7\/2023\/11\/MLF-Blog-FoodSecuritySymposium-Image10.jpg?lossy=1&amp;strip=1&amp;webp=1 630w, https:\/\/b3412141.smushcdn.com\/3412141\/wp-content\/uploads\/sites\/7\/2023\/11\/MLF-Blog-FoodSecuritySymposium-Image10-300x260.jpg?lossy=1&amp;strip=1&amp;webp=1 300w\" sizes=\"(max-width: 630px) 100vw, 630px\" \/><figcaption class=\"wp-block-jetpack-slideshow_caption gallery-caption\">Pr\u00e9sentation pour une politique progressiste<\/figcaption><\/figure><\/li><li class=\"wp-block-jetpack-slideshow_slide swiper-slide\"><figure><img decoding=\"async\" width=\"630\" height=\"546\" alt=\"Pr\u00e9sentation de l'impact d'une prescription alimentaire par Phoebe Lee et Nerlande Bennett\" class=\"wp-block-jetpack-slideshow_image wp-image-255800\" data-id=\"255800\" src=\"https:\/\/www.mapleleaffoods.com\/fr\/wp-content\/uploads\/sites\/7\/2023\/11\/MLF-Blog-FoodSecuritySymposium-Image11.jpg\" srcset=\"https:\/\/b3412141.smushcdn.com\/3412141\/wp-content\/uploads\/sites\/7\/2023\/11\/MLF-Blog-FoodSecuritySymposium-Image11.jpg?lossy=1&amp;strip=1&amp;webp=1 630w, https:\/\/b3412141.smushcdn.com\/3412141\/wp-content\/uploads\/sites\/7\/2023\/11\/MLF-Blog-FoodSecuritySymposium-Image11-300x260.jpg?lossy=1&amp;strip=1&amp;webp=1 300w\" sizes=\"(max-width: 630px) 100vw, 630px\" \/><figcaption class=\"wp-block-jetpack-slideshow_caption gallery-caption\">Pr\u00e9sentation de l'impact d'une prescription alimentaire par Phoebe Lee et Nerlande Bennett<\/figcaption><\/figure><\/li><li class=\"wp-block-jetpack-slideshow_slide swiper-slide\"><figure><img decoding=\"async\" width=\"630\" height=\"546\" alt=\"Au sud de la fronti\u00e8re - Pr\u00e9sentation sur la prescription alimentaire \u00e0 grande \u00e9chelle\" class=\"wp-block-jetpack-slideshow_image wp-image-255801\" data-id=\"255801\" src=\"https:\/\/www.mapleleaffoods.com\/fr\/wp-content\/uploads\/sites\/7\/2023\/11\/MLF-Blog-FoodSecuritySymposium-Image12.jpg\" srcset=\"https:\/\/b3412141.smushcdn.com\/3412141\/wp-content\/uploads\/sites\/7\/2023\/11\/MLF-Blog-FoodSecuritySymposium-Image12.jpg?lossy=1&amp;strip=1&amp;webp=1 630w, https:\/\/b3412141.smushcdn.com\/3412141\/wp-content\/uploads\/sites\/7\/2023\/11\/MLF-Blog-FoodSecuritySymposium-Image12-300x260.jpg?lossy=1&amp;strip=1&amp;webp=1 300w\" sizes=\"(max-width: 630px) 100vw, 630px\" \/><figcaption class=\"wp-block-jetpack-slideshow_caption gallery-caption\">Au sud de la fronti\u00e8re - Pr\u00e9sentation sur la prescription alimentaire \u00e0 grande \u00e9chelle<\/figcaption><\/figure><\/li><li class=\"wp-block-jetpack-slideshow_slide swiper-slide\"><figure><img decoding=\"async\" width=\"630\" height=\"546\" alt=\"Pr\u00e9sentation Naviguer dans les avantages par Nicole Neeson et Stephanie Greco\" class=\"wp-block-jetpack-slideshow_image wp-image-255802\" data-id=\"255802\" src=\"https:\/\/www.mapleleaffoods.com\/fr\/wp-content\/uploads\/sites\/7\/2023\/11\/MLF-Blog-FoodSecuritySymposium-Image13.jpg\" srcset=\"https:\/\/b3412141.smushcdn.com\/3412141\/wp-content\/uploads\/sites\/7\/2023\/11\/MLF-Blog-FoodSecuritySymposium-Image13.jpg?lossy=1&amp;strip=1&amp;webp=1 630w, https:\/\/b3412141.smushcdn.com\/3412141\/wp-content\/uploads\/sites\/7\/2023\/11\/MLF-Blog-FoodSecuritySymposium-Image13-300x260.jpg?lossy=1&amp;strip=1&amp;webp=1 300w\" sizes=\"(max-width: 630px) 100vw, 630px\" \/><figcaption class=\"wp-block-jetpack-slideshow_caption gallery-caption\">Pr\u00e9sentation Naviguer dans les avantages par Nicole Neeson et Stephanie Greco<\/figcaption><\/figure><\/li><li class=\"wp-block-jetpack-slideshow_slide swiper-slide\"><figure><img decoding=\"async\" width=\"630\" height=\"546\" alt=\"B\u00e2tir un mouvement : pr\u00e9sentation de la cr\u00e9ation de l'Allocation canadienne pour enfants\" class=\"wp-block-jetpack-slideshow_image wp-image-255803\" data-id=\"255803\" src=\"https:\/\/www.mapleleaffoods.com\/fr\/wp-content\/uploads\/sites\/7\/2023\/11\/MLF-Blog-FoodSecuritySymposium-Image14.jpg\" srcset=\"https:\/\/b3412141.smushcdn.com\/3412141\/wp-content\/uploads\/sites\/7\/2023\/11\/MLF-Blog-FoodSecuritySymposium-Image14.jpg?lossy=1&amp;strip=1&amp;webp=1 630w, https:\/\/b3412141.smushcdn.com\/3412141\/wp-content\/uploads\/sites\/7\/2023\/11\/MLF-Blog-FoodSecuritySymposium-Image14-300x260.jpg?lossy=1&amp;strip=1&amp;webp=1 300w\" sizes=\"(max-width: 630px) 100vw, 630px\" \/><figcaption class=\"wp-block-jetpack-slideshow_caption gallery-caption\">B\u00e2tir un mouvement : pr\u00e9sentation de la cr\u00e9ation de l'Allocation canadienne pour enfants<\/figcaption><\/figure><\/li><li class=\"wp-block-jetpack-slideshow_slide swiper-slide\"><figure><img decoding=\"async\" width=\"630\" height=\"546\" alt=\"Discours de cl\u00f4ture de Lynda Kuhn au Symposium sur la s\u00e9curit\u00e9 alimentaire\" class=\"wp-block-jetpack-slideshow_image wp-image-255804\" data-id=\"255804\" src=\"https:\/\/www.mapleleaffoods.com\/fr\/wp-content\/uploads\/sites\/7\/2023\/11\/MLF-Blog-FoodSecuritySymposium-Image15.jpg\" srcset=\"https:\/\/b3412141.smushcdn.com\/3412141\/wp-content\/uploads\/sites\/7\/2023\/11\/MLF-Blog-FoodSecuritySymposium-Image15.jpg?lossy=1&amp;strip=1&amp;webp=1 630w, https:\/\/b3412141.smushcdn.com\/3412141\/wp-content\/uploads\/sites\/7\/2023\/11\/MLF-Blog-FoodSecuritySymposium-Image15-300x260.jpg?lossy=1&amp;strip=1&amp;webp=1 300w\" sizes=\"(max-width: 630px) 100vw, 630px\" \/><figcaption class=\"wp-block-jetpack-slideshow_caption gallery-caption\">Discours de cl\u00f4ture de Lynda Kuhn au Symposium sur la s\u00e9curit\u00e9 alimentaire<\/figcaption><\/figure><\/li><\/ul><a class=\"wp-block-jetpack-slideshow_button-prev swiper-button-prev swiper-button-white\" role=\"button\"><\/a><a class=\"wp-block-jetpack-slideshow_button-next swiper-button-next swiper-button-white\" role=\"button\"><\/a><a aria-label=\"Pause Slideshow\" class=\"wp-block-jetpack-slideshow_button-pause\" role=\"button\"><\/a><div class=\"wp-block-jetpack-slideshow_pagination swiper-pagination swiper-pagination-white\"><\/div><\/div><\/div>\n\n\n\n<h3 class=\"wp-block-heading\">Prescrire des aliments pour lutter contre l\u2019ins\u00e9curit\u00e9 alimentaire et les in\u00e9galit\u00e9s en mati\u00e8re de sant\u00e9<\/h3>\n\n\n\n<p>Lors de la troisi\u00e8me s\u00e9ance de la journ\u00e9e, nous avons \u00e9tudi\u00e9 l\u2019incidence des programmes de prescription alimentaire sur l\u2019am\u00e9lioration de la sant\u00e9 et de la s\u00e9curit\u00e9 alimentaire aux \u00c9tats-Unis. \u00c9tant donn\u00e9 que la moiti\u00e9 des probl\u00e8mes de sant\u00e9 des Canadiens sont li\u00e9s aux d\u00e9terminants sociaux de la sant\u00e9, les prescriptions alimentaires constituent un moyen novateur de favoriser une alimentation saine chez les populations vuln\u00e9rables.<\/p>\n\n\n\n<p>\u00c0 titre de mod\u00e9rateur, Evan&nbsp;Fraser, directeur de l\u2019Arrell Food Institute de l\u2019Universit\u00e9 de Guelph, s\u2019est entretenu avec Brent&nbsp;Ling, directeur des affaires externes \u00e0 la Wholesome Wave Foundation, Laura&nbsp;Fischer, professeure adjointe de recherche au Children\u2019s National Hospital et \u00e0 la School of Medicine and Health Sciences de l\u2019Universit\u00e9 George Washington, Taylor&nbsp;Newman, directrice de la nutrition \u00e0 Kroeger et Ronit&nbsp;Ridberg, professeure adjointe \u00e0 la Friedman School de l\u2019Universit\u00e9 Tufts.<\/p>\n\n\n\n<p>Ces experts ont partag\u00e9 leurs connaissances approfondies sur l\u2019implantation et l\u2019\u00e9valuation des programmes de prescriptions alimentaires et ont parl\u00e9 de la possibilit\u00e9 d\u2019intensifier ces programmes aux \u00c9tats-Unis. M<sup>me<\/sup>&nbsp;Fischer a d\u00e9clar\u00e9 qu\u2019elle pense que les cliniciens devraient jouer un r\u00f4le plus actif dans la lutte contre l\u2019ins\u00e9curit\u00e9 alimentaire.&nbsp;\u00ab&nbsp;L\u2019objectif est de recueillir assez de donn\u00e9es pour d\u00e9montrer que les prescriptions alimentaires constituent une prestation m\u00e9dicale couverte.&nbsp;\u00bb&nbsp;&nbsp;<\/p>\n\n\n\n<p>M<sup>me<\/sup>&nbsp;Ridberg a indiqu\u00e9 que, parmi un groupe de personnes en situation d\u2019ins\u00e9curit\u00e9 alimentaire qu\u2019on avait sond\u00e9, 66&nbsp;% \u00e9taient int\u00e9ress\u00e9es par un programme de prescription alimentaire. \u00ab&nbsp;Je pense qu\u2019il y a une \u00e9norme demande d\u2019aide, tant aux \u00c9tats-Unis que dans d\u2019autres pays. La question est de savoir comment r\u00e9pondre \u00e0 cette demande.&nbsp;\u00bb Interrog\u00e9 par le public sur l\u2019efficacit\u00e9 des prescriptions alimentaires par rapport \u00e0 l\u2019octroi d\u2019une aide financi\u00e8re directe aux familles pour leur permettre de joindre les deux bouts, Brent&nbsp;Ling s\u2019est inspir\u00e9 de Michael McCain en faisant remarquer que ces solutions peuvent se compl\u00e9ter au lieu de s\u2019opposer, et qu\u2019il est important de saisir les occasions qui s\u2019offrent \u00e0 nous pour faire changer les choses.<\/p>\n\n\n\n<h3 class=\"wp-block-heading\">Tirer des le\u00e7ons de l\u2019\u00e9laboration lente, mais r\u00e9ussie de l\u2019allocation canadienne pour enfants <\/h3>\n\n\n\n<p>Dans notre derni\u00e8re pr\u00e9sentation de la journ\u00e9e, trois&nbsp;experts en mati\u00e8re de prestations pour enfants et de r\u00e9duction de la pauvret\u00e9 ont parl\u00e9 du mouvement qui a conduit \u00e0 une r\u00e9duction significative de la pauvret\u00e9 chez les enfants entre 2015 et 2022 \u2013 o\u00f9 pr\u00e8s d\u2019un si\u00e8cle de changements de politiques r\u00e9p\u00e9titifs a abouti \u00e0 l\u2019instauration de l\u2019allocation canadienne pour enfants.<\/p>\n\n\n\n<p>Anim\u00e9e par Anita&nbsp;Khanna, directrice nationale des politiques publiques et des relations gouvernementales \u00e0 United Way Centraide Canada, la table ronde a r\u00e9uni Matthew&nbsp;Mendelsohn, professeur invit\u00e9 \u00e0 l\u2019Universit\u00e9 m\u00e9tropolitaine de Toronto, Michael&nbsp;Mendelson, Maytree&nbsp;Fellow et Laurel&nbsp;Rothman de Mazon Canada.<\/p>\n\n\n\n<p>La discussion a port\u00e9 sur l\u2019importance de trouver le moment id\u00e9al pour provoquer des changements durant les occasions favorables et sur les \u00e9l\u00e9ments essentiels \u00e0 l\u2019\u00e9laboration de politiques efficaces. \u00ab&nbsp;Parfois, nous devons cr\u00e9er nous-m\u00eames l\u2019occasion. Par exemple, la fin de semaine pr\u00e9c\u00e9dant la rentr\u00e9e scolaire \u00e9tait un moment id\u00e9al pour attirer l\u2019attention sur la pauvret\u00e9 chez les enfants. Et d\u2019autres fois, il s\u2019agit de trouver le bon moment pour saisir une occasion&nbsp;\u00bb, a expliqu\u00e9 M<sup>me<\/sup>&nbsp;Rothman. M.&nbsp;Mendelsohn a parl\u00e9 de la n\u00e9cessit\u00e9 d\u2019\u00e9laborer des politiques bien document\u00e9es aux r\u00e9percussions r\u00e9fl\u00e9chies, car \u00ab&nbsp;le diable se cache dans les d\u00e9tails&nbsp;\u00bb.<\/p>\n\n\n\n<p>\u00ab&nbsp;L\u2019\u00e9laboration d\u2019un programme aussi r\u00e9ussi et bien pens\u00e9 que l\u2019allocation canadienne pour enfants ne s\u2019est pas faite du jour au lendemain, a affirm\u00e9 M.&nbsp;Mendelson. Pour aboutir \u00e0 une politique stable et sens\u00e9e qui peut faire l\u2019unanimit\u00e9, il faut faire du bon travail en amont. Ce travail s\u2019est appuy\u00e9 sur l\u2019exp\u00e9rience des programmes pr\u00e9c\u00e9dents et sur une vision claire des objectifs \u00e0 atteindre.&nbsp;\u00bb<\/p>\n\n\n\n<h3 class=\"wp-block-heading\">Puiser dans l\u2019exp\u00e9rience des personnes confront\u00e9es aux obstacles \u00e0 la s\u00e9curit\u00e9 alimentaire <\/h3>\n\n\n\n<p>Tout au long de la journ\u00e9e, nous avons \u00e9galement accueilli des personnes qui ont partag\u00e9 leurs exp\u00e9riences concernant l\u2019\u00e9limination des obstacles \u00e0 l\u2019emploi, la vie dans une communaut\u00e9 \u00e9loign\u00e9e, l\u2019obtention de prescriptions alimentaires et l\u2019acc\u00e8s aux prestations gouvernementales.<\/p>\n\n\n\n<p>Merci \u00e0 Wilson&nbsp;Peinado et Veronika&nbsp;Shepotko de Harvest Manitoba, Cheryl&nbsp;Antonio et Tasha&nbsp;Monkman de la Northern Manitoba Food, Culture &amp; Community Collaborative, Phoebe&nbsp;Lee et Nerlande&nbsp;Bennett du Black Creek Community Health Centre, et Nicole&nbsp;Neeson et Stephanie&nbsp;Greco de la Marche des dix&nbsp;sous. Vos exp\u00e9riences percutantes nous ont grandement \u00e9clair\u00e9s.<\/p>\n\n\n\n<p>Lynda&nbsp;Kuhn, pr\u00e9sidente du Centre, a conclu la journ\u00e9e en soulignant que \u00ab&nbsp;la souffrance v\u00e9cue par les personnes qui ont de la difficult\u00e9 \u00e0 se nourrir et \u00e0 nourrir leur famille, ainsi que l\u2019ampleur du ph\u00e9nom\u00e8ne de l\u2019ins\u00e9curit\u00e9 alimentaire, nous poussent \u00e0 mettre rapidement en place des politiques et des programmes efficaces.&nbsp;\u00bb Elle a ajout\u00e9&nbsp;: \u00ab&nbsp;Nous devons mettre en place un filet de s\u00e9curit\u00e9 sociale solide, durable et accessible. Nous disposons des ressources, de l\u2019expertise et de la volont\u00e9 publique. Tous les paliers de gouvernement doivent faire preuve de leadership.&nbsp;\u00bb<\/p>\n\n\n\n<p>Merci encore \u00e0 tous ceux qui ont particip\u00e9 \u00e0 notre Symposium sur la s\u00e9curit\u00e9 alimentaire. Nous sommes impatients de travailler ensemble pour pr\u00f4ner la r\u00e9duction de l\u2019ins\u00e9curit\u00e9 alimentaire.<\/p>\n","protected":false},"excerpt":{"rendered":"<p>Inspirer l\u2019espoir et acc\u00e9l\u00e9rer le changement pour faire face \u00e0 la crise de l\u2019ins\u00e9curit\u00e9 alimentaire.<\/p>\n","protected":false},"author":21,"featured_media":255785,"comment_status":"closed","ping_status":"closed","sticky":false,"template":"","format":"standard","meta":{"mlfcorp_iframe_url":"","footnotes":""},"categories":[55,47],"tags":[],"class_list":["post-255784","post","type-post","status-publish","format-standard","has-post-thumbnail","hentry","category-article-en-vedette","category-insecurite-alimentaire"],"acf":[],"yoast_head":"<!-- This site is optimized with the Yoast SEO plugin v21.7 - https:\/\/yoast.com\/wordpress\/plugins\/seo\/ -->\n<title>Quatri\u00e8me Symposium annuel sur la s\u00e9curit\u00e9 alimentaire<\/title>\n<meta name=\"description\" content=\"Observations tir\u00e9es du Symposium - la s\u00e9curit\u00e9 alimentaire \u2013 r\u00e9duction de la pauvret\u00e9, politiques progressives et solutions novatrices.\" \/>\n<meta name=\"robots\" content=\"index, follow, max-snippet:-1, max-image-preview:large, max-video-preview:-1\" \/>\n<link rel=\"canonical\" href=\"https:\/\/www.mapleleaffoods.com\/fr\/articles-de-fond\/4th-symposium-annuel-la-securite-alimentaire\/\" \/>\n<meta property=\"og:locale\" content=\"fr_FR\" \/>\n<meta property=\"og:type\" content=\"article\" \/>\n<meta property=\"og:title\" content=\"Quatri\u00e8me Symposium annuel sur la s\u00e9curit\u00e9 alimentaire\" \/>\n<meta property=\"og:description\" content=\"Observations tir\u00e9es du Symposium - la s\u00e9curit\u00e9 alimentaire \u2013 r\u00e9duction de la pauvret\u00e9, politiques progressives et solutions novatrices.\" \/>\n<meta property=\"og:url\" content=\"https:\/\/www.mapleleaffoods.com\/fr\/articles-de-fond\/4th-symposium-annuel-la-securite-alimentaire\/\" \/>\n<meta property=\"og:site_name\" content=\"Les Aliments Maple Leaf\" \/>\n<meta property=\"article:published_time\" content=\"2023-11-23T17:30:28+00:00\" \/>\n<meta property=\"article:modified_time\" content=\"2024-01-29T17:35:34+00:00\" \/>\n<meta property=\"og:image\" content=\"https:\/\/www.mapleleaffoods.com\/fr\/wp-content\/uploads\/sites\/7\/2023\/11\/MLF-Blog-FoodSecuritySymposium-Cover.jpg\" \/>\n\t<meta property=\"og:image:width\" content=\"956\" \/>\n\t<meta property=\"og:image:height\" content=\"519\" \/>\n\t<meta property=\"og:image:type\" content=\"image\/jpeg\" \/>\n<meta name=\"author\" content=\"succi\" \/>\n<meta name=\"twitter:card\" content=\"summary_large_image\" \/>\n<meta name=\"twitter:label1\" content=\"\u00c9crit par\" \/>\n\t<meta name=\"twitter:data1\" content=\"succi\" \/>\n\t<meta name=\"twitter:label2\" content=\"Dur\u00e9e de lecture estim\u00e9e\" \/>\n\t<meta name=\"twitter:data2\" content=\"12 minutes\" \/>\n<script type=\"application\/ld+json\" class=\"yoast-schema-graph\">{\"@context\":\"https:\/\/schema.org\",\"@graph\":[{\"@type\":\"Article\",\"@id\":\"https:\/\/www.mapleleaffoods.com\/fr\/articles-de-fond\/4th-symposium-annuel-la-securite-alimentaire\/#article\",\"isPartOf\":{\"@id\":\"https:\/\/www.mapleleaffoods.com\/fr\/articles-de-fond\/4th-symposium-annuel-la-securite-alimentaire\/\"},\"author\":{\"name\":\"succi\",\"@id\":\"https:\/\/www.mapleleaffoods.com\/fr\/#\/schema\/person\/4e46cabf197ef094b1e018b6f65049a1\"},\"headline\":\"R\u00e9flexion sur le quatri\u00e8me Symposium annuel sur la s\u00e9curit\u00e9 alimentaire pr\u00e9sent\u00e9 par le Centre de Maple Leaf pour la s\u00e9curit\u00e9 alimentaire\",\"datePublished\":\"2023-11-23T17:30:28+00:00\",\"dateModified\":\"2024-01-29T17:35:34+00:00\",\"mainEntityOfPage\":{\"@id\":\"https:\/\/www.mapleleaffoods.com\/fr\/articles-de-fond\/4th-symposium-annuel-la-securite-alimentaire\/\"},\"wordCount\":2335,\"publisher\":{\"@id\":\"https:\/\/www.mapleleaffoods.com\/fr\/#organization\"},\"articleSection\":[\"Article en vedette\",\"Ins\u00e9curit\u00e9 alimentaire\"],\"inLanguage\":\"fr-FR\"},{\"@type\":\"WebPage\",\"@id\":\"https:\/\/www.mapleleaffoods.com\/fr\/articles-de-fond\/4th-symposium-annuel-la-securite-alimentaire\/\",\"url\":\"https:\/\/www.mapleleaffoods.com\/fr\/articles-de-fond\/4th-symposium-annuel-la-securite-alimentaire\/\",\"name\":\"Quatri\u00e8me Symposium annuel sur la s\u00e9curit\u00e9 alimentaire\",\"isPartOf\":{\"@id\":\"https:\/\/www.mapleleaffoods.com\/fr\/#website\"},\"datePublished\":\"2023-11-23T17:30:28+00:00\",\"dateModified\":\"2024-01-29T17:35:34+00:00\",\"description\":\"Observations tir\u00e9es du Symposium - la s\u00e9curit\u00e9 alimentaire \u2013 r\u00e9duction de la pauvret\u00e9, politiques progressives et solutions novatrices.\",\"breadcrumb\":{\"@id\":\"https:\/\/www.mapleleaffoods.com\/fr\/articles-de-fond\/4th-symposium-annuel-la-securite-alimentaire\/#breadcrumb\"},\"inLanguage\":\"fr-FR\",\"potentialAction\":[{\"@type\":\"ReadAction\",\"target\":[\"https:\/\/www.mapleleaffoods.com\/fr\/articles-de-fond\/4th-symposium-annuel-la-securite-alimentaire\/\"]}]},{\"@type\":\"BreadcrumbList\",\"@id\":\"https:\/\/www.mapleleaffoods.com\/fr\/articles-de-fond\/4th-symposium-annuel-la-securite-alimentaire\/#breadcrumb\",\"itemListElement\":[{\"@type\":\"ListItem\",\"position\":1,\"name\":\"Page d\u2019accueil\",\"item\":\"https:\/\/www.mapleleaffoods.com\/fr\/\"},{\"@type\":\"ListItem\",\"position\":2,\"name\":\"R\u00e9flexion sur le quatri\u00e8me Symposium annuel sur la s\u00e9curit\u00e9 alimentaire pr\u00e9sent\u00e9 par le Centre de Maple Leaf pour la s\u00e9curit\u00e9 alimentaire\"}]},{\"@type\":\"WebSite\",\"@id\":\"https:\/\/www.mapleleaffoods.com\/fr\/#website\",\"url\":\"https:\/\/www.mapleleaffoods.com\/fr\/\",\"name\":\"Les Aliments Maple Leaf\",\"description\":\"Premi\u00e8re grande entreprise alimentaire carboneutre au monde\",\"publisher\":{\"@id\":\"https:\/\/www.mapleleaffoods.com\/fr\/#organization\"},\"potentialAction\":[{\"@type\":\"SearchAction\",\"target\":{\"@type\":\"EntryPoint\",\"urlTemplate\":\"https:\/\/www.mapleleaffoods.com\/fr\/?s={search_term_string}\"},\"query-input\":\"required name=search_term_string\"}],\"inLanguage\":\"fr-FR\"},{\"@type\":\"Organization\",\"@id\":\"https:\/\/www.mapleleaffoods.com\/fr\/#organization\",\"name\":\"Les Aliments Maple Leaf\",\"url\":\"https:\/\/www.mapleleaffoods.com\/fr\/\",\"logo\":{\"@type\":\"ImageObject\",\"inLanguage\":\"fr-FR\",\"@id\":\"https:\/\/www.mapleleaffoods.com\/fr\/#\/schema\/logo\/image\/\",\"url\":\"https:\/\/www.mapleleaffoods.com\/fr\/wp-content\/uploads\/sites\/7\/2026\/02\/L_MapleLeaf_4C_White_v1_EN.png\",\"contentUrl\":\"https:\/\/www.mapleleaffoods.com\/fr\/wp-content\/uploads\/sites\/7\/2026\/02\/L_MapleLeaf_4C_White_v1_EN.png\",\"width\":1829,\"height\":2200,\"caption\":\"Les Aliments Maple Leaf\"},\"image\":{\"@id\":\"https:\/\/www.mapleleaffoods.com\/fr\/#\/schema\/logo\/image\/\"}},{\"@type\":\"Person\",\"@id\":\"https:\/\/www.mapleleaffoods.com\/fr\/#\/schema\/person\/4e46cabf197ef094b1e018b6f65049a1\",\"name\":\"succi\",\"image\":{\"@type\":\"ImageObject\",\"inLanguage\":\"fr-FR\",\"@id\":\"https:\/\/www.mapleleaffoods.com\/fr\/#\/schema\/person\/image\/\",\"url\":\"https:\/\/secure.gravatar.com\/avatar\/faef64e131cfeb4c3463a652e8a5cdb2?s=96&d=mm&r=g\",\"contentUrl\":\"https:\/\/secure.gravatar.com\/avatar\/faef64e131cfeb4c3463a652e8a5cdb2?s=96&d=mm&r=g\",\"caption\":\"succi\"}}]}<\/script>\n<!-- \/ Yoast SEO plugin. -->","yoast_head_json":{"title":"Quatri\u00e8me Symposium annuel sur la s\u00e9curit\u00e9 alimentaire","description":"Observations tir\u00e9es du Symposium - la s\u00e9curit\u00e9 alimentaire \u2013 r\u00e9duction de la pauvret\u00e9, politiques progressives et solutions novatrices.","robots":{"index":"index","follow":"follow","max-snippet":"max-snippet:-1","max-image-preview":"max-image-preview:large","max-video-preview":"max-video-preview:-1"},"canonical":"https:\/\/www.mapleleaffoods.com\/fr\/articles-de-fond\/4th-symposium-annuel-la-securite-alimentaire\/","og_locale":"fr_FR","og_type":"article","og_title":"Quatri\u00e8me Symposium annuel sur la s\u00e9curit\u00e9 alimentaire","og_description":"Observations tir\u00e9es du Symposium - la s\u00e9curit\u00e9 alimentaire \u2013 r\u00e9duction de la pauvret\u00e9, politiques progressives et solutions novatrices.","og_url":"https:\/\/www.mapleleaffoods.com\/fr\/articles-de-fond\/4th-symposium-annuel-la-securite-alimentaire\/","og_site_name":"Les Aliments Maple Leaf","article_published_time":"2023-11-23T17:30:28+00:00","article_modified_time":"2024-01-29T17:35:34+00:00","og_image":[{"width":956,"height":519,"url":"https:\/\/www.mapleleaffoods.com\/fr\/wp-content\/uploads\/sites\/7\/2023\/11\/MLF-Blog-FoodSecuritySymposium-Cover.jpg","type":"image\/jpeg"}],"author":"succi","twitter_card":"summary_large_image","twitter_misc":{"\u00c9crit par":"succi","Dur\u00e9e de lecture estim\u00e9e":"12 minutes"},"schema":{"@context":"https:\/\/schema.org","@graph":[{"@type":"Article","@id":"https:\/\/www.mapleleaffoods.com\/fr\/articles-de-fond\/4th-symposium-annuel-la-securite-alimentaire\/#article","isPartOf":{"@id":"https:\/\/www.mapleleaffoods.com\/fr\/articles-de-fond\/4th-symposium-annuel-la-securite-alimentaire\/"},"author":{"name":"succi","@id":"https:\/\/www.mapleleaffoods.com\/fr\/#\/schema\/person\/4e46cabf197ef094b1e018b6f65049a1"},"headline":"R\u00e9flexion sur le quatri\u00e8me Symposium annuel sur la s\u00e9curit\u00e9 alimentaire pr\u00e9sent\u00e9 par le Centre de Maple Leaf pour la s\u00e9curit\u00e9 alimentaire","datePublished":"2023-11-23T17:30:28+00:00","dateModified":"2024-01-29T17:35:34+00:00","mainEntityOfPage":{"@id":"https:\/\/www.mapleleaffoods.com\/fr\/articles-de-fond\/4th-symposium-annuel-la-securite-alimentaire\/"},"wordCount":2335,"publisher":{"@id":"https:\/\/www.mapleleaffoods.com\/fr\/#organization"},"articleSection":["Article en vedette","Ins\u00e9curit\u00e9 alimentaire"],"inLanguage":"fr-FR"},{"@type":"WebPage","@id":"https:\/\/www.mapleleaffoods.com\/fr\/articles-de-fond\/4th-symposium-annuel-la-securite-alimentaire\/","url":"https:\/\/www.mapleleaffoods.com\/fr\/articles-de-fond\/4th-symposium-annuel-la-securite-alimentaire\/","name":"Quatri\u00e8me Symposium annuel sur la s\u00e9curit\u00e9 alimentaire","isPartOf":{"@id":"https:\/\/www.mapleleaffoods.com\/fr\/#website"},"datePublished":"2023-11-23T17:30:28+00:00","dateModified":"2024-01-29T17:35:34+00:00","description":"Observations tir\u00e9es du Symposium - la s\u00e9curit\u00e9 alimentaire \u2013 r\u00e9duction de la pauvret\u00e9, politiques progressives et solutions novatrices.","breadcrumb":{"@id":"https:\/\/www.mapleleaffoods.com\/fr\/articles-de-fond\/4th-symposium-annuel-la-securite-alimentaire\/#breadcrumb"},"inLanguage":"fr-FR","potentialAction":[{"@type":"ReadAction","target":["https:\/\/www.mapleleaffoods.com\/fr\/articles-de-fond\/4th-symposium-annuel-la-securite-alimentaire\/"]}]},{"@type":"BreadcrumbList","@id":"https:\/\/www.mapleleaffoods.com\/fr\/articles-de-fond\/4th-symposium-annuel-la-securite-alimentaire\/#breadcrumb","itemListElement":[{"@type":"ListItem","position":1,"name":"Page d\u2019accueil","item":"https:\/\/www.mapleleaffoods.com\/fr\/"},{"@type":"ListItem","position":2,"name":"R\u00e9flexion sur le quatri\u00e8me Symposium annuel sur la s\u00e9curit\u00e9 alimentaire pr\u00e9sent\u00e9 par le Centre de Maple Leaf pour la s\u00e9curit\u00e9 alimentaire"}]},{"@type":"WebSite","@id":"https:\/\/www.mapleleaffoods.com\/fr\/#website","url":"https:\/\/www.mapleleaffoods.com\/fr\/","name":"Les Aliments Maple Leaf","description":"Premi\u00e8re grande entreprise alimentaire carboneutre au monde","publisher":{"@id":"https:\/\/www.mapleleaffoods.com\/fr\/#organization"},"potentialAction":[{"@type":"SearchAction","target":{"@type":"EntryPoint","urlTemplate":"https:\/\/www.mapleleaffoods.com\/fr\/?s={search_term_string}"},"query-input":"required name=search_term_string"}],"inLanguage":"fr-FR"},{"@type":"Organization","@id":"https:\/\/www.mapleleaffoods.com\/fr\/#organization","name":"Les Aliments Maple Leaf","url":"https:\/\/www.mapleleaffoods.com\/fr\/","logo":{"@type":"ImageObject","inLanguage":"fr-FR","@id":"https:\/\/www.mapleleaffoods.com\/fr\/#\/schema\/logo\/image\/","url":"https:\/\/www.mapleleaffoods.com\/fr\/wp-content\/uploads\/sites\/7\/2026\/02\/L_MapleLeaf_4C_White_v1_EN.png","contentUrl":"https:\/\/www.mapleleaffoods.com\/fr\/wp-content\/uploads\/sites\/7\/2026\/02\/L_MapleLeaf_4C_White_v1_EN.png","width":1829,"height":2200,"caption":"Les Aliments Maple Leaf"},"image":{"@id":"https:\/\/www.mapleleaffoods.com\/fr\/#\/schema\/logo\/image\/"}},{"@type":"Person","@id":"https:\/\/www.mapleleaffoods.com\/fr\/#\/schema\/person\/4e46cabf197ef094b1e018b6f65049a1","name":"succi","image":{"@type":"ImageObject","inLanguage":"fr-FR","@id":"https:\/\/www.mapleleaffoods.com\/fr\/#\/schema\/person\/image\/","url":"https:\/\/secure.gravatar.com\/avatar\/faef64e131cfeb4c3463a652e8a5cdb2?s=96&d=mm&r=g","contentUrl":"https:\/\/secure.gravatar.com\/avatar\/faef64e131cfeb4c3463a652e8a5cdb2?s=96&d=mm&r=g","caption":"succi"}}]}},"jetpack_featured_media_url":"https:\/\/www.mapleleaffoods.com\/fr\/wp-content\/uploads\/sites\/7\/2023\/11\/MLF-Blog-FoodSecuritySymposium-Cover.jpg","jetpack_sharing_enabled":true,"_links":{"self":[{"href":"https:\/\/www.mapleleaffoods.com\/fr\/wp-json\/wp\/v2\/posts\/255784"}],"collection":[{"href":"https:\/\/www.mapleleaffoods.com\/fr\/wp-json\/wp\/v2\/posts"}],"about":[{"href":"https:\/\/www.mapleleaffoods.com\/fr\/wp-json\/wp\/v2\/types\/post"}],"author":[{"embeddable":true,"href":"https:\/\/www.mapleleaffoods.com\/fr\/wp-json\/wp\/v2\/users\/21"}],"replies":[{"embeddable":true,"href":"https:\/\/www.mapleleaffoods.com\/fr\/wp-json\/wp\/v2\/comments?post=255784"}],"version-history":[{"count":5,"href":"https:\/\/www.mapleleaffoods.com\/fr\/wp-json\/wp\/v2\/posts\/255784\/revisions"}],"predecessor-version":[{"id":256097,"href":"https:\/\/www.mapleleaffoods.com\/fr\/wp-json\/wp\/v2\/posts\/255784\/revisions\/256097"}],"wp:featuredmedia":[{"embeddable":true,"href":"https:\/\/www.mapleleaffoods.com\/fr\/wp-json\/wp\/v2\/media\/255785"}],"wp:attachment":[{"href":"https:\/\/www.mapleleaffoods.com\/fr\/wp-json\/wp\/v2\/media?parent=255784"}],"wp:term":[{"taxonomy":"category","embeddable":true,"href":"https:\/\/www.mapleleaffoods.com\/fr\/wp-json\/wp\/v2\/categories?post=255784"},{"taxonomy":"post_tag","embeddable":true,"href":"https:\/\/www.mapleleaffoods.com\/fr\/wp-json\/wp\/v2\/tags?post=255784"}],"curies":[{"name":"wp","href":"https:\/\/api.w.org\/{rel}","templated":true}]}}