{"id":255423,"date":"2023-10-16T08:00:00","date_gmt":"2023-10-16T12:00:00","guid":{"rendered":"https:\/\/www.mapleleaffoods.com\/fr\/?p=255423"},"modified":"2025-01-13T02:57:47","modified_gmt":"2025-01-13T07:57:47","slug":"insecurite-alimentaire-au-canada","status":"publish","type":"post","link":"https:\/\/www.mapleleaffoods.com\/fr\/articles-de-fond\/insecurite-alimentaire-au-canada\/","title":{"rendered":"R\u00e9flexion sur la Journ\u00e9e mondiale de l&#8217;alimentation \u2014 L&#8217;ins\u00e9curit\u00e9 alimentaire n&#8217;est pas une question de nourriture"},"content":{"rendered":"\n<h2 class=\"wp-block-heading\">R\u00e9flexion sur l'ins\u00e9curit\u00e9 alimentaire au Canada et les obstacles auxquels sont confront\u00e9s les Canadiens pour nourrir leur famille.&nbsp;<\/h2>\n\n\n\n<p><strong>De Sarah Stern, directrice g\u00e9n\u00e9rale, Centre pour la s\u00e9curit\u00e9 alimentaire de Maple Leaf<\/strong><\/p>\n\n\n\n<p>Si l'ins\u00e9curit\u00e9 alimentaire est le probl\u00e8me, donner aux gens de la nourriture est peut-\u00eatre la solution. Or, ce n'est pas le cas.<\/p>\n\n\n\n<p>Pr\u00e8s de sept&nbsp;millions de personnes au Canada, dont un enfant sur quatre, sont aux prises avec l'<a href=\"https:\/\/www.mapleleaffoods.com\/fr\/nos-engagements\/collectivites\/insecurite-alimentaire\/\">ins\u00e9curit\u00e9 alimentaire<\/a>. Ces m\u00e9nages sont confront\u00e9s \u00e0 des choix impossibles :<\/p>\n\n\n<div class=\"wp-list-block\">\n<ul class=\"wp-block-list\">\n<li>Payer le loyer OU acheter de la nourriture<\/li>\n\n\n\n<li>Payer les factures, telles que l'\u00e9lectricit\u00e9 ou le t\u00e9l\u00e9phone, OU acheter de la nourriture<\/li>\n\n\n\n<li>Payer les m\u00e9dicaments OU acheter de la nourriture<\/li>\n\n\n\n<li>Payer des bottes ou des manteaux d'hiver pour les enfants OU acheter de la nourriture.<\/li>\n<\/ul>\n<\/div>\n\n\n<h3 class=\"wp-block-heading\">Qu'est-ce que l'ins\u00e9curit\u00e9 alimentaire?<\/h3>\n\n\n\n<p>Il y a plus de nourriture qu'il n'en faut au Canada. Le probl\u00e8me est que les gens n'ont pas acc\u00e8s \u00e0 la nourriture dont ils ont besoin, principalement parce qu'ils n'en ont pas les moyens. De plus, d'autres obstacles \u2014 l'endroit o\u00f9 vivent les gens, un handicap et m\u00eame la litt\u00e9ratie financi\u00e8re et alimentaire \u2014 compliquent d'autant plus leur acc\u00e8s \u00e0 des aliments de qualit\u00e9 en quantit\u00e9 suffisante.&nbsp;&nbsp;&nbsp;&nbsp;<\/p>\n\n\n\n<p>Le <a href=\"https:\/\/www.feedopportunity.com\/\" target=\"_blank\" rel=\"noreferrer noopener\">Centre de Maple Leaf pour la s\u00e9curit\u00e9 alimentaire<\/a> (le Centre) s'attache \u00e0 favoriser les v\u00e9ritables changements qui s'imposent. Notre approche est strat\u00e9gique et fond\u00e9e sur les faits. Nous soutenons des recherches novatrices afin de sensibiliser les gouvernements et les citoyens concern\u00e9s \u00e0 cette question. Nous plaidons en faveur d'un meilleur soutien social en vue d'appuyer le droit fondamental \u00e0 l'alimentation. Nous finan\u00e7ons des projets qui am\u00e9liorent la capacit\u00e9 des gens \u00e0 acc\u00e9der \u00e0 la nourriture.<\/p>\n\n\n\n<h3 class=\"wp-block-heading\">Quelques exemples des actions que nous menons<\/h3>\n\n\n\n<p>L'acc\u00e8s aux mesures d'aide financi\u00e8re est complexe et constitue un obstacle pour de nombreuses personnes qui en ont un besoin urgent.&nbsp; Environ 10&nbsp;% \u00e0 12&nbsp;% des Canadiens ne remplissent pas de d\u00e9claration de revenus, en partie parce qu'ils n'ont pas de revenu imposable. Cette situation conduit \u00e0 des dizaines de millions de dollars de prestations gouvernementales non r\u00e9clam\u00e9es, cens\u00e9es aider les Canadiens vuln\u00e9rables. En&nbsp;2015, la valeur des <a href=\"https:\/\/www.utpjournals.press\/doi\/full\/10.3138\/cpp.2019-063?role=tab\" target=\"_blank\" rel=\"noreferrer noopener\">aides en esp\u00e8ces que les personnes en \u00e2ge de travailler n'ayant pas rempli de d\u00e9claration de revenus ont perdu<\/a> s'\u00e9levait \u00e0 1,7 milliard de dollars!<\/p>\n\n\n\n<p>Depuis 2021, nous avons vers\u00e9 plus de 750 000 $ \u00e0 <a href=\"https:\/\/prosperitecanada.org\/\" target=\"_blank\" rel=\"noreferrer noopener\">Prosp\u00e9rit\u00e9 Canada<\/a> pour soutenir leur travail li\u00e9 aux d\u00e9clarations de revenu et pour faciliter l'acc\u00e8s des particuliers aux mesures d'aide financi\u00e8re auxquelles ils ont droit. Plus de 250&nbsp;000&nbsp;personnes ont utilis\u00e9 l'<a href=\"https:\/\/benefitswayfinder.org\/fr\" target=\"_blank\" rel=\"noreferrer noopener\">Orienteur en mesures d'aide<\/a>, lanc\u00e9 l'an dernier. En&nbsp;2022, gr\u00e2ce \u00e0 son r\u00e9seau, Prosp\u00e9rit\u00e9 Canada a permis aux particuliers d'obtenir 70&nbsp;millions de dollars en les amenant \u00e0 produire leurs d\u00e9clarations de revenus, et plus de 14&nbsp;millions de dollars en les aidant \u00e0 naviguer dans le syst\u00e8me des prestations. Les particuliers qui ont b\u00e9n\u00e9fici\u00e9 de l'aide \u00e0 la navigation ont re\u00e7u en moyenne 4 221,01&nbsp;$, soit une hausse consid\u00e9rable du revenu de leur m\u00e9nage.&nbsp;&nbsp;<\/p>\n\n\n\n<p>Notre r\u00e9cente enqu\u00eate d'opinion a r\u00e9v\u00e9l\u00e9 que 60&nbsp;% des personnes handicap\u00e9es se trouvent dans une situation financi\u00e8re plus difficile aujourd'hui qu'il y a deux ans et qu'elles sont deux fois plus susceptibles de faire face \u00e0 l'ins\u00e9curit\u00e9 alimentaire.&nbsp;Quelque 50&nbsp;% des personnes \u00e2g\u00e9es de plus de 15&nbsp;ans vivant dans un m\u00e9nage en situation d'ins\u00e9curit\u00e9 alimentaire au Canada souffre d'un handicap.&nbsp;L'automne dernier, nous avons men\u00e9 une campagne nationale pour appuyer l'instauration de la Prestation canadienne pour les personnes handicap\u00e9es \u2014 une prestation f\u00e9d\u00e9rale visant \u00e0 augmenter les revenus des personnes vivant avec un handicap.&nbsp;<\/p>\n\n\n\n<figure class=\"wp-block-image aligncenter size-large\"><img decoding=\"async\" width=\"791\" height=\"1024\" src=\"https:\/\/www.mapleleaffoods.com\/fr\/wp-content\/uploads\/sites\/7\/2023\/10\/MLF-Blog-WorldFoodDay-Image-791x1024.jpg\" alt=\"Annonce d'opportunit\u00e9 de diffusion pour la Prestation canadienne pour les personnes handicap\u00e9es\" class=\"wp-image-255425\" srcset=\"https:\/\/b3412141.smushcdn.com\/3412141\/wp-content\/uploads\/sites\/7\/2023\/10\/MLF-Blog-WorldFoodDay-Image-791x1024.jpg?lossy=1&amp;strip=1&amp;webp=1 791w, https:\/\/b3412141.smushcdn.com\/3412141\/wp-content\/uploads\/sites\/7\/2023\/10\/MLF-Blog-WorldFoodDay-Image-232x300.jpg?lossy=1&amp;strip=1&amp;webp=1 232w, https:\/\/b3412141.smushcdn.com\/3412141\/wp-content\/uploads\/sites\/7\/2023\/10\/MLF-Blog-WorldFoodDay-Image-768x994.jpg?lossy=1&amp;strip=1&amp;webp=1 768w, https:\/\/b3412141.smushcdn.com\/3412141\/wp-content\/uploads\/sites\/7\/2023\/10\/MLF-Blog-WorldFoodDay-Image.jpg?lossy=1&amp;strip=1&amp;webp=1 1000w\" sizes=\"(max-width: 791px) 100vw, 791px\" \/><\/figure>\n\n\n\n<p>Le projet de loi a \u00e9t\u00e9 adopt\u00e9 en juin\u00a02023 et le processus de mise en \u0153uvre de la prestation a d\u00e9but\u00e9. Le processus d'\u00e9laboration de la r\u00e9glementation n'est pas rapide, c'est pourquoi les personnes handicap\u00e9es ont besoin de soutien d\u00e8s maintenant. Vous pouvez afficher votre soutien et demander une action plus rapide en vous rendant sur le site <a href=\"https:\/\/www.disabilitywithoutpoverty.ca\/fr\/agir\/votre-depute\">Le handicap sans pauvret\u00e9<\/a>.<\/p>\n\n\n\n<p>M\u00eame si nous sommes favorables \u00e0 d'importants changements \u00e0 long terme, les personnes qui peinent \u00e0 nourrir leur famille ont besoin d'aide aujourd'hui. Or, les banques alimentaires ayant du mal \u00e0 r\u00e9pondre \u00e0 une demande quatre fois plus importante, ces personnes ont besoin de notre aide. Les Aliments Maple Leaf et le Centre offrent leur aide par une contribution de 250&nbsp;000&nbsp;$ \u00e0 l'aide alimentaire d'urgence, en plus d'une somme de 250&nbsp;000&nbsp;$ destin\u00e9e aux programmes d'alimentation dans les \u00e9coles. Bien que cette aide soit tr\u00e8s importante, nous ne pouvons pas continuer \u00e0 nous tourner vers les organismes de bienfaisance pour r\u00e9pondre \u00e0 ces besoins. Notre volont\u00e9 et notre soutien collectifs sont n\u00e9cessaires.<\/p>\n","protected":false},"excerpt":{"rendered":"<p>R\u00e9flexion sur l&#8217;ins\u00e9curit\u00e9 alimentaire au Canada et les obstacles auxquels sont confront\u00e9s les Canadiens pour nourrir leur famille.  <\/p>\n","protected":false},"author":21,"featured_media":255424,"comment_status":"closed","ping_status":"closed","sticky":false,"template":"","format":"standard","meta":{"mlfcorp_iframe_url":"","footnotes":""},"categories":[55,47],"tags":[],"class_list":["post-255423","post","type-post","status-publish","format-standard","has-post-thumbnail","hentry","category-article-en-vedette","category-insecurite-alimentaire"],"acf":[],"yoast_head":"<!-- This site is optimized with the Yoast SEO plugin v21.7 - https:\/\/yoast.com\/wordpress\/plugins\/seo\/ -->\n<title>L&#039;ins\u00e9curit\u00e9 alimentaire n&#039;est pas une question de p\u00e9nurie de nourriture<\/title>\n<meta name=\"description\" content=\"R\u00e9flexion sur l&#039;ins\u00e9curit\u00e9 alimentaire au Canada et sur les actions men\u00e9es par notre Centre de Maple Leaf pour la s\u00e9curit\u00e9 alimentaire.\" \/>\n<meta name=\"robots\" content=\"index, follow, max-snippet:-1, max-image-preview:large, max-video-preview:-1\" \/>\n<link rel=\"canonical\" href=\"https:\/\/www.mapleleaffoods.com\/fr\/articles-de-fond\/insecurite-alimentaire-au-canada\/\" \/>\n<meta property=\"og:locale\" content=\"fr_FR\" \/>\n<meta property=\"og:type\" content=\"article\" \/>\n<meta property=\"og:title\" content=\"L&#039;ins\u00e9curit\u00e9 alimentaire n&#039;est pas une question de p\u00e9nurie de nourriture\" \/>\n<meta property=\"og:description\" content=\"R\u00e9flexion sur l&#039;ins\u00e9curit\u00e9 alimentaire au Canada et sur les actions men\u00e9es par notre Centre de Maple Leaf pour la s\u00e9curit\u00e9 alimentaire.\" \/>\n<meta property=\"og:url\" content=\"https:\/\/www.mapleleaffoods.com\/fr\/articles-de-fond\/insecurite-alimentaire-au-canada\/\" \/>\n<meta property=\"og:site_name\" content=\"Les Aliments Maple Leaf\" \/>\n<meta property=\"article:published_time\" content=\"2023-10-16T12:00:00+00:00\" \/>\n<meta property=\"article:modified_time\" content=\"2025-01-13T07:57:47+00:00\" \/>\n<meta property=\"og:image\" content=\"https:\/\/www.mapleleaffoods.com\/fr\/wp-content\/uploads\/sites\/7\/2023\/10\/MLF-Blog-WorldFoodDay-cover.jpg\" \/>\n\t<meta property=\"og:image:width\" content=\"956\" \/>\n\t<meta property=\"og:image:height\" content=\"519\" \/>\n\t<meta property=\"og:image:type\" content=\"image\/jpeg\" \/>\n<meta name=\"author\" content=\"succi\" \/>\n<meta name=\"twitter:card\" content=\"summary_large_image\" \/>\n<meta name=\"twitter:label1\" content=\"\u00c9crit par\" \/>\n\t<meta name=\"twitter:data1\" content=\"succi\" \/>\n\t<meta name=\"twitter:label2\" content=\"Dur\u00e9e de lecture estim\u00e9e\" \/>\n\t<meta name=\"twitter:data2\" content=\"4 minutes\" \/>\n<script type=\"application\/ld+json\" class=\"yoast-schema-graph\">{\"@context\":\"https:\/\/schema.org\",\"@graph\":[{\"@type\":\"Article\",\"@id\":\"https:\/\/www.mapleleaffoods.com\/fr\/articles-de-fond\/insecurite-alimentaire-au-canada\/#article\",\"isPartOf\":{\"@id\":\"https:\/\/www.mapleleaffoods.com\/fr\/articles-de-fond\/insecurite-alimentaire-au-canada\/\"},\"author\":{\"name\":\"succi\",\"@id\":\"https:\/\/www.mapleleaffoods.com\/fr\/#\/schema\/person\/4e46cabf197ef094b1e018b6f65049a1\"},\"headline\":\"R\u00e9flexion sur la Journ\u00e9e mondiale de l&#8217;alimentation \u2014 L&#8217;ins\u00e9curit\u00e9 alimentaire n&#8217;est pas une question de nourriture\",\"datePublished\":\"2023-10-16T12:00:00+00:00\",\"dateModified\":\"2025-01-13T07:57:47+00:00\",\"mainEntityOfPage\":{\"@id\":\"https:\/\/www.mapleleaffoods.com\/fr\/articles-de-fond\/insecurite-alimentaire-au-canada\/\"},\"wordCount\":836,\"publisher\":{\"@id\":\"https:\/\/www.mapleleaffoods.com\/fr\/#organization\"},\"articleSection\":[\"Article en vedette\",\"Ins\u00e9curit\u00e9 alimentaire\"],\"inLanguage\":\"fr-FR\"},{\"@type\":\"WebPage\",\"@id\":\"https:\/\/www.mapleleaffoods.com\/fr\/articles-de-fond\/insecurite-alimentaire-au-canada\/\",\"url\":\"https:\/\/www.mapleleaffoods.com\/fr\/articles-de-fond\/insecurite-alimentaire-au-canada\/\",\"name\":\"L'ins\u00e9curit\u00e9 alimentaire n'est pas une question de p\u00e9nurie de nourriture\",\"isPartOf\":{\"@id\":\"https:\/\/www.mapleleaffoods.com\/fr\/#website\"},\"datePublished\":\"2023-10-16T12:00:00+00:00\",\"dateModified\":\"2025-01-13T07:57:47+00:00\",\"description\":\"R\u00e9flexion sur l'ins\u00e9curit\u00e9 alimentaire au Canada et sur les actions men\u00e9es par notre Centre de Maple Leaf pour la s\u00e9curit\u00e9 alimentaire.\",\"breadcrumb\":{\"@id\":\"https:\/\/www.mapleleaffoods.com\/fr\/articles-de-fond\/insecurite-alimentaire-au-canada\/#breadcrumb\"},\"inLanguage\":\"fr-FR\",\"potentialAction\":[{\"@type\":\"ReadAction\",\"target\":[\"https:\/\/www.mapleleaffoods.com\/fr\/articles-de-fond\/insecurite-alimentaire-au-canada\/\"]}]},{\"@type\":\"BreadcrumbList\",\"@id\":\"https:\/\/www.mapleleaffoods.com\/fr\/articles-de-fond\/insecurite-alimentaire-au-canada\/#breadcrumb\",\"itemListElement\":[{\"@type\":\"ListItem\",\"position\":1,\"name\":\"Page d\u2019accueil\",\"item\":\"https:\/\/www.mapleleaffoods.com\/fr\/\"},{\"@type\":\"ListItem\",\"position\":2,\"name\":\"R\u00e9flexion sur la Journ\u00e9e mondiale de l&#8217;alimentation \u2014 L&#8217;ins\u00e9curit\u00e9 alimentaire n&#8217;est pas une question de nourriture\"}]},{\"@type\":\"WebSite\",\"@id\":\"https:\/\/www.mapleleaffoods.com\/fr\/#website\",\"url\":\"https:\/\/www.mapleleaffoods.com\/fr\/\",\"name\":\"Les Aliments Maple Leaf\",\"description\":\"Premi\u00e8re grande entreprise alimentaire carboneutre au monde\",\"publisher\":{\"@id\":\"https:\/\/www.mapleleaffoods.com\/fr\/#organization\"},\"potentialAction\":[{\"@type\":\"SearchAction\",\"target\":{\"@type\":\"EntryPoint\",\"urlTemplate\":\"https:\/\/www.mapleleaffoods.com\/fr\/?s={search_term_string}\"},\"query-input\":\"required name=search_term_string\"}],\"inLanguage\":\"fr-FR\"},{\"@type\":\"Organization\",\"@id\":\"https:\/\/www.mapleleaffoods.com\/fr\/#organization\",\"name\":\"Les Aliments Maple Leaf\",\"url\":\"https:\/\/www.mapleleaffoods.com\/fr\/\",\"logo\":{\"@type\":\"ImageObject\",\"inLanguage\":\"fr-FR\",\"@id\":\"https:\/\/www.mapleleaffoods.com\/fr\/#\/schema\/logo\/image\/\",\"url\":\"https:\/\/www.mapleleaffoods.com\/fr\/wp-content\/uploads\/sites\/7\/2026\/02\/L_MapleLeaf_4C_White_v1_EN.png\",\"contentUrl\":\"https:\/\/www.mapleleaffoods.com\/fr\/wp-content\/uploads\/sites\/7\/2026\/02\/L_MapleLeaf_4C_White_v1_EN.png\",\"width\":1829,\"height\":2200,\"caption\":\"Les Aliments Maple Leaf\"},\"image\":{\"@id\":\"https:\/\/www.mapleleaffoods.com\/fr\/#\/schema\/logo\/image\/\"}},{\"@type\":\"Person\",\"@id\":\"https:\/\/www.mapleleaffoods.com\/fr\/#\/schema\/person\/4e46cabf197ef094b1e018b6f65049a1\",\"name\":\"succi\",\"image\":{\"@type\":\"ImageObject\",\"inLanguage\":\"fr-FR\",\"@id\":\"https:\/\/www.mapleleaffoods.com\/fr\/#\/schema\/person\/image\/\",\"url\":\"https:\/\/secure.gravatar.com\/avatar\/faef64e131cfeb4c3463a652e8a5cdb2?s=96&d=mm&r=g\",\"contentUrl\":\"https:\/\/secure.gravatar.com\/avatar\/faef64e131cfeb4c3463a652e8a5cdb2?s=96&d=mm&r=g\",\"caption\":\"succi\"}}]}<\/script>\n<!-- \/ Yoast SEO plugin. -->","yoast_head_json":{"title":"L'ins\u00e9curit\u00e9 alimentaire n'est pas une question de p\u00e9nurie de nourriture","description":"R\u00e9flexion sur l'ins\u00e9curit\u00e9 alimentaire au Canada et sur les actions men\u00e9es par notre Centre de Maple Leaf pour la s\u00e9curit\u00e9 alimentaire.","robots":{"index":"index","follow":"follow","max-snippet":"max-snippet:-1","max-image-preview":"max-image-preview:large","max-video-preview":"max-video-preview:-1"},"canonical":"https:\/\/www.mapleleaffoods.com\/fr\/articles-de-fond\/insecurite-alimentaire-au-canada\/","og_locale":"fr_FR","og_type":"article","og_title":"L'ins\u00e9curit\u00e9 alimentaire n'est pas une question de p\u00e9nurie de nourriture","og_description":"R\u00e9flexion sur l'ins\u00e9curit\u00e9 alimentaire au Canada et sur les actions men\u00e9es par notre Centre de Maple Leaf pour la s\u00e9curit\u00e9 alimentaire.","og_url":"https:\/\/www.mapleleaffoods.com\/fr\/articles-de-fond\/insecurite-alimentaire-au-canada\/","og_site_name":"Les Aliments Maple Leaf","article_published_time":"2023-10-16T12:00:00+00:00","article_modified_time":"2025-01-13T07:57:47+00:00","og_image":[{"width":956,"height":519,"url":"https:\/\/www.mapleleaffoods.com\/fr\/wp-content\/uploads\/sites\/7\/2023\/10\/MLF-Blog-WorldFoodDay-cover.jpg","type":"image\/jpeg"}],"author":"succi","twitter_card":"summary_large_image","twitter_misc":{"\u00c9crit par":"succi","Dur\u00e9e de lecture estim\u00e9e":"4 minutes"},"schema":{"@context":"https:\/\/schema.org","@graph":[{"@type":"Article","@id":"https:\/\/www.mapleleaffoods.com\/fr\/articles-de-fond\/insecurite-alimentaire-au-canada\/#article","isPartOf":{"@id":"https:\/\/www.mapleleaffoods.com\/fr\/articles-de-fond\/insecurite-alimentaire-au-canada\/"},"author":{"name":"succi","@id":"https:\/\/www.mapleleaffoods.com\/fr\/#\/schema\/person\/4e46cabf197ef094b1e018b6f65049a1"},"headline":"R\u00e9flexion sur la Journ\u00e9e mondiale de l&#8217;alimentation \u2014 L&#8217;ins\u00e9curit\u00e9 alimentaire n&#8217;est pas une question de nourriture","datePublished":"2023-10-16T12:00:00+00:00","dateModified":"2025-01-13T07:57:47+00:00","mainEntityOfPage":{"@id":"https:\/\/www.mapleleaffoods.com\/fr\/articles-de-fond\/insecurite-alimentaire-au-canada\/"},"wordCount":836,"publisher":{"@id":"https:\/\/www.mapleleaffoods.com\/fr\/#organization"},"articleSection":["Article en vedette","Ins\u00e9curit\u00e9 alimentaire"],"inLanguage":"fr-FR"},{"@type":"WebPage","@id":"https:\/\/www.mapleleaffoods.com\/fr\/articles-de-fond\/insecurite-alimentaire-au-canada\/","url":"https:\/\/www.mapleleaffoods.com\/fr\/articles-de-fond\/insecurite-alimentaire-au-canada\/","name":"L'ins\u00e9curit\u00e9 alimentaire n'est pas une question de p\u00e9nurie de nourriture","isPartOf":{"@id":"https:\/\/www.mapleleaffoods.com\/fr\/#website"},"datePublished":"2023-10-16T12:00:00+00:00","dateModified":"2025-01-13T07:57:47+00:00","description":"R\u00e9flexion sur l'ins\u00e9curit\u00e9 alimentaire au Canada et sur les actions men\u00e9es par notre Centre de Maple Leaf pour la s\u00e9curit\u00e9 alimentaire.","breadcrumb":{"@id":"https:\/\/www.mapleleaffoods.com\/fr\/articles-de-fond\/insecurite-alimentaire-au-canada\/#breadcrumb"},"inLanguage":"fr-FR","potentialAction":[{"@type":"ReadAction","target":["https:\/\/www.mapleleaffoods.com\/fr\/articles-de-fond\/insecurite-alimentaire-au-canada\/"]}]},{"@type":"BreadcrumbList","@id":"https:\/\/www.mapleleaffoods.com\/fr\/articles-de-fond\/insecurite-alimentaire-au-canada\/#breadcrumb","itemListElement":[{"@type":"ListItem","position":1,"name":"Page d\u2019accueil","item":"https:\/\/www.mapleleaffoods.com\/fr\/"},{"@type":"ListItem","position":2,"name":"R\u00e9flexion sur la Journ\u00e9e mondiale de l&#8217;alimentation \u2014 L&#8217;ins\u00e9curit\u00e9 alimentaire n&#8217;est pas une question de nourriture"}]},{"@type":"WebSite","@id":"https:\/\/www.mapleleaffoods.com\/fr\/#website","url":"https:\/\/www.mapleleaffoods.com\/fr\/","name":"Les Aliments Maple Leaf","description":"Premi\u00e8re grande entreprise alimentaire carboneutre au monde","publisher":{"@id":"https:\/\/www.mapleleaffoods.com\/fr\/#organization"},"potentialAction":[{"@type":"SearchAction","target":{"@type":"EntryPoint","urlTemplate":"https:\/\/www.mapleleaffoods.com\/fr\/?s={search_term_string}"},"query-input":"required name=search_term_string"}],"inLanguage":"fr-FR"},{"@type":"Organization","@id":"https:\/\/www.mapleleaffoods.com\/fr\/#organization","name":"Les Aliments Maple Leaf","url":"https:\/\/www.mapleleaffoods.com\/fr\/","logo":{"@type":"ImageObject","inLanguage":"fr-FR","@id":"https:\/\/www.mapleleaffoods.com\/fr\/#\/schema\/logo\/image\/","url":"https:\/\/www.mapleleaffoods.com\/fr\/wp-content\/uploads\/sites\/7\/2026\/02\/L_MapleLeaf_4C_White_v1_EN.png","contentUrl":"https:\/\/www.mapleleaffoods.com\/fr\/wp-content\/uploads\/sites\/7\/2026\/02\/L_MapleLeaf_4C_White_v1_EN.png","width":1829,"height":2200,"caption":"Les Aliments Maple Leaf"},"image":{"@id":"https:\/\/www.mapleleaffoods.com\/fr\/#\/schema\/logo\/image\/"}},{"@type":"Person","@id":"https:\/\/www.mapleleaffoods.com\/fr\/#\/schema\/person\/4e46cabf197ef094b1e018b6f65049a1","name":"succi","image":{"@type":"ImageObject","inLanguage":"fr-FR","@id":"https:\/\/www.mapleleaffoods.com\/fr\/#\/schema\/person\/image\/","url":"https:\/\/secure.gravatar.com\/avatar\/faef64e131cfeb4c3463a652e8a5cdb2?s=96&d=mm&r=g","contentUrl":"https:\/\/secure.gravatar.com\/avatar\/faef64e131cfeb4c3463a652e8a5cdb2?s=96&d=mm&r=g","caption":"succi"}}]}},"jetpack_featured_media_url":"https:\/\/www.mapleleaffoods.com\/fr\/wp-content\/uploads\/sites\/7\/2023\/10\/MLF-Blog-WorldFoodDay-cover.jpg","jetpack_sharing_enabled":true,"_links":{"self":[{"href":"https:\/\/www.mapleleaffoods.com\/fr\/wp-json\/wp\/v2\/posts\/255423"}],"collection":[{"href":"https:\/\/www.mapleleaffoods.com\/fr\/wp-json\/wp\/v2\/posts"}],"about":[{"href":"https:\/\/www.mapleleaffoods.com\/fr\/wp-json\/wp\/v2\/types\/post"}],"author":[{"embeddable":true,"href":"https:\/\/www.mapleleaffoods.com\/fr\/wp-json\/wp\/v2\/users\/21"}],"replies":[{"embeddable":true,"href":"https:\/\/www.mapleleaffoods.com\/fr\/wp-json\/wp\/v2\/comments?post=255423"}],"version-history":[{"count":9,"href":"https:\/\/www.mapleleaffoods.com\/fr\/wp-json\/wp\/v2\/posts\/255423\/revisions"}],"predecessor-version":[{"id":258643,"href":"https:\/\/www.mapleleaffoods.com\/fr\/wp-json\/wp\/v2\/posts\/255423\/revisions\/258643"}],"wp:featuredmedia":[{"embeddable":true,"href":"https:\/\/www.mapleleaffoods.com\/fr\/wp-json\/wp\/v2\/media\/255424"}],"wp:attachment":[{"href":"https:\/\/www.mapleleaffoods.com\/fr\/wp-json\/wp\/v2\/media?parent=255423"}],"wp:term":[{"taxonomy":"category","embeddable":true,"href":"https:\/\/www.mapleleaffoods.com\/fr\/wp-json\/wp\/v2\/categories?post=255423"},{"taxonomy":"post_tag","embeddable":true,"href":"https:\/\/www.mapleleaffoods.com\/fr\/wp-json\/wp\/v2\/tags?post=255423"}],"curies":[{"name":"wp","href":"https:\/\/api.w.org\/{rel}","templated":true}]}}