{"id":255390,"date":"2023-10-05T09:08:35","date_gmt":"2023-10-05T13:08:35","guid":{"rendered":"https:\/\/www.mapleleaffoods.com\/fr\/?p=255390"},"modified":"2023-10-31T15:13:04","modified_gmt":"2023-10-31T19:13:04","slug":"accessibilite-alimentaire-insecurite-canada","status":"publish","type":"post","link":"https:\/\/www.mapleleaffoods.com\/fr\/articles-de-fond\/accessibilite-alimentaire-insecurite-canada\/","title":{"rendered":"R\u00e9flexions sur l\u2019ins\u00e9curit\u00e9 alimentaire et l\u2019abordabilit\u00e9 des aliments \u00e0 l\u2019approche de l\u2019Action de gr\u00e2ce"},"content":{"rendered":"\n<h2 class=\"wp-block-heading\">Une r\u00e9flexion de Curtis&nbsp;Frank, pr\u00e9sident et chef de la direction des Aliments Maple Leaf.<\/h2>\n\n\n\n<p>\u00c0 l\u2019approche de la fin de semaine de l\u2019Action de gr\u00e2ce, le moment est propice pour r\u00e9fl\u00e9chir aux choses dont nous sommes reconnaissants, mais aussi pour se rappeler que les Canadiens sont plus nombreux que jamais \u00e0 avoir du mal \u00e0 se nourrir et qu\u2019il est possible d\u2019agir pour changer cette situation.<\/p>\n\n\n\n<p>\u00c0 titre d\u2019entreprise ax\u00e9e sur les objectifs, les Aliments&nbsp;Maple&nbsp;Leaf s\u2019emploie \u00e0 <strong>rehausser le m\u00e9rite des aliments<\/strong>. La semaine derni\u00e8re, nous avons particip\u00e9 \u00e0 l\u2019une des r\u00e9unions organis\u00e9es par le gouvernement du Canada dans le cadre de l\u2019<strong>appel \u00e0 l\u2019action<\/strong> du gouvernement concernant l\u2019abordabilit\u00e9 et la stabilisation des prix des aliments.<\/p>\n\n\n\n<h3 class=\"wp-block-heading\">Agir pour contrer l\u2019ins\u00e9curit\u00e9 alimentaire<\/h3>\n\n\n\n<p>Avec l\u2019augmentation du co\u00fbt de la vie et du co\u00fbt des aliments, il est plus difficile que jamais pour les Canadiens de se procurer les produits de base. Un r\u00e9cent sondage r\u00e9v\u00e8le que pour la moiti\u00e9 des Canadiens, la situation est pire qu\u2019il y a deux&nbsp;ans. Toutefois, 82&nbsp;% des citoyens estiment que les gouvernements devraient en faire plus pour aider les personnes vivant dans l\u2019ins\u00e9curit\u00e9 alimentaire et la pauvret\u00e9. La hausse du prix des aliments \u00e9volue dans la bonne direction, mais cela ne r\u00e9sout pas le probl\u00e8me de l\u2019ins\u00e9curit\u00e9 alimentaire.<\/p>\n\n\n\n<p>L\u2019inflation alimentaire touche tous les Canadiens, mais de diff\u00e9rentes mani\u00e8res. Des rapports provenant de banques alimentaires montrent que l\u2019augmentation du co\u00fbt de la vie oblige un nombre sans pr\u00e9c\u00e9dent de personnes \u00e0 recourir \u00e0 l\u2019aide d\u2019urgence pour se nourrir. Au Canada, pr\u00e8s de sept&nbsp;millions de personnes sont touch\u00e9es par l\u2019ins\u00e9curit\u00e9 alimentaire, soit plus de 18&nbsp;% de la population. Un enfant sur quatre vit dans un m\u00e9nage en situation d\u2019ins\u00e9curit\u00e9 alimentaire, et les effets de l\u2019ins\u00e9curit\u00e9 alimentaire touchent de mani\u00e8re disproportionn\u00e9e les personnes handicap\u00e9es, noires et autochtones du Canada. Nous avons besoin de politiques publiques pour renforcer notre filet de s\u00e9curit\u00e9 sociale et d\u2019interventions plus directes pour faire face \u00e0 la crise actuelle.<\/p>\n\n\n\n<p><strong>Par l\u2019interm\u00e9diaire du Centre de Maple Leaf pour la s\u00e9curit\u00e9 alimentaire, nous menons des actions qui entra\u00eenent des changements structurels, car l\u2019aide alimentaire provenant d\u2019organismes de bienfaisance n\u2019est pas la solution. <\/strong>Nous collaborons avec des organismes caritatifs, le secteur priv\u00e9 et les gouvernements afin de promouvoir des changements politiques essentiels pour relever les d\u00e9fis syst\u00e9miques, et nous investissons dans des programmes \u00e9volutifs qui visent \u00e0 soutenir directement les personnes et les m\u00e9nages confront\u00e9s \u00e0 l\u2019ins\u00e9curit\u00e9 alimentaire.<\/p>\n\n\n\n<p>Pour lutter contre la crise \u00e0 court terme, nous <strong>augmentons \u00e9galement notre soutien \u00e0 l\u2019aide alimentaire d\u2019urgence<\/strong>. En plus de nos engagements financiers de 12&nbsp;millions de dollars envers nos partenaires communautaires et de nos dons d\u2019aliments sains de 3,5&nbsp;millions de dollars depuis le d\u00e9but de l\u2019ann\u00e9e, les Aliments&nbsp;Maple&nbsp;Leaf et le Centre prennent les mesures imm\u00e9diates suivantes&nbsp;:<\/p>\n\n\n<div class=\"wp-list-block\">\n<ul class=\"wp-block-list\">\n<li>Octroyer un montant suppl\u00e9mentaire de 250&nbsp;000&nbsp;$ pour offrir une aide alimentaire d\u2019urgence<\/li>\n\n\n\n<li>Soutenir l\u2019expansion des programmes alimentaires scolaires gr\u00e2ce \u00e0 un don de 250&nbsp;000&nbsp;$ au Programme d\u2019alimentation saine pour les \u00e9l\u00e8ves et au Programme d\u2019alimentation saine pour les \u00e9l\u00e8ves des Premi\u00e8res Nations de l\u2019Ontario<\/li>\n\n\n\n<li>D\u00e9velopper des projets qui fournissent des aliments sur ordonnance aux personnes qui luttent contre l\u2019ins\u00e9curit\u00e9 alimentaire<\/li>\n\n\n\n<li>R\u00e9unir le secteur priv\u00e9, la soci\u00e9t\u00e9 civile et les autorit\u00e9s gouvernementales au Symposium sur la s\u00e9curit\u00e9 alimentaire en novembre pour faire progresser les solutions intersectorielles.<\/li>\n<\/ul>\n<\/div>\n\n\n<p>Il existe \u00e9galement des mesures politiques importantes permettant de lutter efficacement contre l\u2019ins\u00e9curit\u00e9 alimentaire et d\u2019am\u00e9liorer les r\u00e9sultats en mati\u00e8re de sant\u00e9 et d\u2019\u00e9ducation pour nos enfants. Une part fondamentale de notre travail consiste \u00e0 sensibiliser le public et \u00e0 mener des r\u00e9formes essentielles des politiques publiques. Ainsi, nous collaborons avec les gouvernements f\u00e9d\u00e9ral et provinciaux pour atteindre les objectifs suivants&nbsp;:<\/p>\n\n\n<div class=\"wp-list-block\">\n<ul class=\"wp-block-list\">\n<li>Financer un rapport complet de Statistique Canada sur l\u2019ins\u00e9curit\u00e9 alimentaire, lequel sera publi\u00e9 en novembre<\/li>\n\n\n\n<li>Fixer un objectif de r\u00e9duction de l\u2019ins\u00e9curit\u00e9 alimentaire de 50&nbsp;% d\u2019ici 2030<\/li>\n\n\n\n<li>Acc\u00e9l\u00e9rer la mise en \u0153uvre de la Prestation canadienne pour les personnes handicap\u00e9es<\/li>\n\n\n\n<li>Mettre en \u0153uvre un programme national d\u2019alimentation scolaire<\/li>\n<\/ul>\n<\/div>\n\n\n<h3 class=\"wp-block-heading\">Agir pour favoriser l\u2019abordabilit\u00e9 des aliments<\/h3>\n\n\n\n<p>En plus du travail important supervis\u00e9 par le Centre, les Aliments&nbsp;Maple&nbsp;Leaf est heureuse de pouvoir travailler avec d\u2019autres intervenants pour examiner comment r\u00e9duire les co\u00fbts du syst\u00e8me alimentaire et gagner en efficacit\u00e9 afin d\u2019enrayer l\u2019inflation et de stabiliser les prix des aliments.<\/p>\n\n\n\n<p><strong>Le syst\u00e8me alimentaire canadien est complexe et mondial.<\/strong> La production alimentaire s\u2019inscrit dans une cha\u00eene d\u2019approvisionnement mondiale d\u00e9licate sur le plan op\u00e9rationnel, avec des niveaux d\u2019interd\u00e9pendance&nbsp;\u2013 dont beaucoup sont ax\u00e9s sur des dynamiques qui vont au-del\u00e0 de nos fronti\u00e8res.<\/p>\n\n\n\n<p>Au cours des derni\u00e8res ann\u00e9es, les effets sans pr\u00e9c\u00e9dent de l\u2019\u00e9conomie post-pand\u00e9mique, combin\u00e9s \u00e0 des ph\u00e9nom\u00e8nes m\u00e9t\u00e9orologiques extr\u00eames et \u00e0 la guerre, ont \u00e9t\u00e9 consid\u00e9rables. Les co\u00fbts de transport ont explos\u00e9, l\u2019approvisionnement est devenu peu fiable, la disponibilit\u00e9 de la main-d\u2019\u0153uvre s\u2019est av\u00e9r\u00e9e difficile, et nous avons constat\u00e9 une hausse consid\u00e9rable des co\u00fbts des intrants, en particulier des engrais et des carburants. Dans cet environnement difficile, les Aliments&nbsp;Maple&nbsp;Leaf a enregistr\u00e9 des pertes financi\u00e8res l\u2019ann\u00e9e derni\u00e8re et au cours du premier semestre de cette ann\u00e9e. Cependant, <strong>nous sommes optimistes et pensons que de nombreux obstacles peuvent \u00eatre surmont\u00e9s<\/strong>, ce qui permettra au secteur de se stabiliser \u00e0 mesure que nous progressons.<\/p>\n\n\n\n<p>Alors que l\u2019industrie alimentaire canadienne s\u2019int\u00e9resse \u00e0 sa cha\u00eene d\u2019approvisionnement, il a beaucoup \u00e9t\u00e9 question des avantages potentiels d\u2019un Code de conduite en mati\u00e8re des produits d\u2019\u00e9picerie. Bien que le Code ne soit pas encore finalis\u00e9, nous avons l\u2019intention de le signer d\u00e8s que nous pourrons en examiner la version finale. Nous nous adresserons \u00e9galement \u00e0 chacun de nos clients pour trouver des moyens de r\u00e9duire les co\u00fbts dans la cha\u00eene d\u2019approvisionnement et de stabiliser les prix des aliments.<\/p>\n\n\n\n<p>Je suis tr\u00e8s fier du travail que nous accomplissons en mati\u00e8re de promotion d\u2019une offre alimentaire durable, abordable et produite au Canada pour les consommateurs, et de r\u00e9duction de l\u2019ins\u00e9curit\u00e9 alimentaire. Au cours de la derni\u00e8re d\u00e9cennie, nous avons investi plus de deux&nbsp;milliards de dollars dans des actifs et des technologies afin de gagner en efficacit\u00e9, d\u2019am\u00e9liorer nos capacit\u00e9s de production au Canada et de cr\u00e9er des march\u00e9s int\u00e9rieurs durables pour les agriculteurs. Nous continuerons \u00e0 chercher des gains d\u2019efficacit\u00e9, \u00e0 explorer les innovations, \u00e0 \u00e9couter les consommateurs et \u00e0 travailler avec nos clients et nos fournisseurs, mais <strong>nos efforts seuls ne suffiront pas<\/strong>. Nous nous r\u00e9jouissons de pouvoir travailler avec le gouvernement et d\u2019autres intervenants pour explorer des solutions structurelles qui permettront d\u2019att\u00e9nuer les perturbations de la cha\u00eene d\u2019approvisionnement, de r\u00e9duire les co\u00fbts de la cha\u00eene d\u2019approvisionnement, de renforcer les investissements dans l\u2019innovation et la technologie et d\u2019augmenter la productivit\u00e9 du syst\u00e8me alimentaire.<\/p>\n\n\n\n<p>En tant que fi\u00e8re entreprise canadienne, nous sommes reconnaissants de jouer un r\u00f4le dans le syst\u00e8me alimentaire et <strong>nous nous r\u00e9jouissons \u00e0 l\u2019id\u00e9e d\u2019\u00eatre un partenaire<\/strong> dans la lutte contre l\u2019ins\u00e9curit\u00e9 alimentaire.<\/p>\n","protected":false},"excerpt":{"rendered":"<p>Une r\u00e9flexion de Curtis Frank, pr\u00e9sident et chef de la direction des Aliments Maple Leaf.<\/p>\n","protected":false},"author":21,"featured_media":255392,"comment_status":"closed","ping_status":"closed","sticky":false,"template":"","format":"standard","meta":{"mlfcorp_iframe_url":"","footnotes":""},"categories":[55,47],"tags":[],"class_list":["post-255390","post","type-post","status-publish","format-standard","has-post-thumbnail","hentry","category-article-en-vedette","category-insecurite-alimentaire"],"acf":[],"yoast_head":"<!-- This site is optimized with the Yoast SEO plugin v21.7 - https:\/\/yoast.com\/wordpress\/plugins\/seo\/ -->\n<title>Mesures prises \u00e0 l\u2019\u00e9gard des prix des aliments et d\u2019ins\u00e9curit\u00e9 alimentaire<\/title>\n<meta name=\"description\" content=\"Curtis Frank explique les mesures que prend notre organisation pour lutter contre l\u2019ins\u00e9curit\u00e9 alimentaire et de l\u2019abordabilit\u00e9 des aliments.\" \/>\n<meta name=\"robots\" content=\"index, follow, max-snippet:-1, max-image-preview:large, max-video-preview:-1\" \/>\n<link rel=\"canonical\" href=\"https:\/\/www.mapleleaffoods.com\/fr\/articles-de-fond\/accessibilite-alimentaire-insecurite-canada\/\" \/>\n<meta property=\"og:locale\" content=\"fr_FR\" \/>\n<meta property=\"og:type\" content=\"article\" \/>\n<meta property=\"og:title\" content=\"Mesures prises \u00e0 l\u2019\u00e9gard des prix des aliments et d\u2019ins\u00e9curit\u00e9 alimentaire\" \/>\n<meta property=\"og:description\" content=\"Curtis Frank explique les mesures que prend notre organisation pour lutter contre l\u2019ins\u00e9curit\u00e9 alimentaire et de l\u2019abordabilit\u00e9 des aliments.\" \/>\n<meta property=\"og:url\" content=\"https:\/\/www.mapleleaffoods.com\/fr\/articles-de-fond\/accessibilite-alimentaire-insecurite-canada\/\" \/>\n<meta property=\"og:site_name\" content=\"Les Aliments Maple Leaf\" \/>\n<meta property=\"article:published_time\" content=\"2023-10-05T13:08:35+00:00\" \/>\n<meta property=\"article:modified_time\" content=\"2023-10-31T19:13:04+00:00\" \/>\n<meta property=\"og:image\" content=\"https:\/\/www.mapleleaffoods.com\/fr\/wp-content\/uploads\/sites\/7\/2023\/10\/MLF-Blog-FoodAffordability-cover.jpg\" \/>\n\t<meta property=\"og:image:width\" content=\"956\" \/>\n\t<meta property=\"og:image:height\" content=\"519\" \/>\n\t<meta property=\"og:image:type\" content=\"image\/jpeg\" \/>\n<meta name=\"author\" content=\"succi\" \/>\n<meta name=\"twitter:card\" content=\"summary_large_image\" \/>\n<meta name=\"twitter:label1\" content=\"\u00c9crit par\" \/>\n\t<meta name=\"twitter:data1\" content=\"succi\" \/>\n\t<meta name=\"twitter:label2\" content=\"Dur\u00e9e de lecture estim\u00e9e\" \/>\n\t<meta name=\"twitter:data2\" content=\"7 minutes\" \/>\n<script type=\"application\/ld+json\" class=\"yoast-schema-graph\">{\"@context\":\"https:\/\/schema.org\",\"@graph\":[{\"@type\":\"Article\",\"@id\":\"https:\/\/www.mapleleaffoods.com\/fr\/articles-de-fond\/accessibilite-alimentaire-insecurite-canada\/#article\",\"isPartOf\":{\"@id\":\"https:\/\/www.mapleleaffoods.com\/fr\/articles-de-fond\/accessibilite-alimentaire-insecurite-canada\/\"},\"author\":{\"name\":\"succi\",\"@id\":\"https:\/\/www.mapleleaffoods.com\/fr\/#\/schema\/person\/4e46cabf197ef094b1e018b6f65049a1\"},\"headline\":\"R\u00e9flexions sur l\u2019ins\u00e9curit\u00e9 alimentaire et l\u2019abordabilit\u00e9 des aliments \u00e0 l\u2019approche de l\u2019Action de gr\u00e2ce\",\"datePublished\":\"2023-10-05T13:08:35+00:00\",\"dateModified\":\"2023-10-31T19:13:04+00:00\",\"mainEntityOfPage\":{\"@id\":\"https:\/\/www.mapleleaffoods.com\/fr\/articles-de-fond\/accessibilite-alimentaire-insecurite-canada\/\"},\"wordCount\":1344,\"publisher\":{\"@id\":\"https:\/\/www.mapleleaffoods.com\/fr\/#organization\"},\"articleSection\":[\"Article en vedette\",\"Ins\u00e9curit\u00e9 alimentaire\"],\"inLanguage\":\"fr-FR\"},{\"@type\":\"WebPage\",\"@id\":\"https:\/\/www.mapleleaffoods.com\/fr\/articles-de-fond\/accessibilite-alimentaire-insecurite-canada\/\",\"url\":\"https:\/\/www.mapleleaffoods.com\/fr\/articles-de-fond\/accessibilite-alimentaire-insecurite-canada\/\",\"name\":\"Mesures prises \u00e0 l\u2019\u00e9gard des prix des aliments et d\u2019ins\u00e9curit\u00e9 alimentaire\",\"isPartOf\":{\"@id\":\"https:\/\/www.mapleleaffoods.com\/fr\/#website\"},\"datePublished\":\"2023-10-05T13:08:35+00:00\",\"dateModified\":\"2023-10-31T19:13:04+00:00\",\"description\":\"Curtis Frank explique les mesures que prend notre organisation pour lutter contre l\u2019ins\u00e9curit\u00e9 alimentaire et de l\u2019abordabilit\u00e9 des aliments.\",\"breadcrumb\":{\"@id\":\"https:\/\/www.mapleleaffoods.com\/fr\/articles-de-fond\/accessibilite-alimentaire-insecurite-canada\/#breadcrumb\"},\"inLanguage\":\"fr-FR\",\"potentialAction\":[{\"@type\":\"ReadAction\",\"target\":[\"https:\/\/www.mapleleaffoods.com\/fr\/articles-de-fond\/accessibilite-alimentaire-insecurite-canada\/\"]}]},{\"@type\":\"BreadcrumbList\",\"@id\":\"https:\/\/www.mapleleaffoods.com\/fr\/articles-de-fond\/accessibilite-alimentaire-insecurite-canada\/#breadcrumb\",\"itemListElement\":[{\"@type\":\"ListItem\",\"position\":1,\"name\":\"Page d\u2019accueil\",\"item\":\"https:\/\/www.mapleleaffoods.com\/fr\/\"},{\"@type\":\"ListItem\",\"position\":2,\"name\":\"R\u00e9flexions sur l\u2019ins\u00e9curit\u00e9 alimentaire et l\u2019abordabilit\u00e9 des aliments \u00e0 l\u2019approche de l\u2019Action de gr\u00e2ce\"}]},{\"@type\":\"WebSite\",\"@id\":\"https:\/\/www.mapleleaffoods.com\/fr\/#website\",\"url\":\"https:\/\/www.mapleleaffoods.com\/fr\/\",\"name\":\"Les Aliments Maple Leaf\",\"description\":\"Premi\u00e8re grande entreprise alimentaire carboneutre au monde\",\"publisher\":{\"@id\":\"https:\/\/www.mapleleaffoods.com\/fr\/#organization\"},\"potentialAction\":[{\"@type\":\"SearchAction\",\"target\":{\"@type\":\"EntryPoint\",\"urlTemplate\":\"https:\/\/www.mapleleaffoods.com\/fr\/?s={search_term_string}\"},\"query-input\":\"required name=search_term_string\"}],\"inLanguage\":\"fr-FR\"},{\"@type\":\"Organization\",\"@id\":\"https:\/\/www.mapleleaffoods.com\/fr\/#organization\",\"name\":\"Les Aliments Maple Leaf\",\"url\":\"https:\/\/www.mapleleaffoods.com\/fr\/\",\"logo\":{\"@type\":\"ImageObject\",\"inLanguage\":\"fr-FR\",\"@id\":\"https:\/\/www.mapleleaffoods.com\/fr\/#\/schema\/logo\/image\/\",\"url\":\"https:\/\/www.mapleleaffoods.com\/fr\/wp-content\/uploads\/sites\/7\/2026\/02\/L_MapleLeaf_4C_White_v1_EN.png\",\"contentUrl\":\"https:\/\/www.mapleleaffoods.com\/fr\/wp-content\/uploads\/sites\/7\/2026\/02\/L_MapleLeaf_4C_White_v1_EN.png\",\"width\":1829,\"height\":2200,\"caption\":\"Les Aliments Maple Leaf\"},\"image\":{\"@id\":\"https:\/\/www.mapleleaffoods.com\/fr\/#\/schema\/logo\/image\/\"}},{\"@type\":\"Person\",\"@id\":\"https:\/\/www.mapleleaffoods.com\/fr\/#\/schema\/person\/4e46cabf197ef094b1e018b6f65049a1\",\"name\":\"succi\",\"image\":{\"@type\":\"ImageObject\",\"inLanguage\":\"fr-FR\",\"@id\":\"https:\/\/www.mapleleaffoods.com\/fr\/#\/schema\/person\/image\/\",\"url\":\"https:\/\/secure.gravatar.com\/avatar\/faef64e131cfeb4c3463a652e8a5cdb2?s=96&d=mm&r=g\",\"contentUrl\":\"https:\/\/secure.gravatar.com\/avatar\/faef64e131cfeb4c3463a652e8a5cdb2?s=96&d=mm&r=g\",\"caption\":\"succi\"}}]}<\/script>\n<!-- \/ Yoast SEO plugin. -->","yoast_head_json":{"title":"Mesures prises \u00e0 l\u2019\u00e9gard des prix des aliments et d\u2019ins\u00e9curit\u00e9 alimentaire","description":"Curtis Frank explique les mesures que prend notre organisation pour lutter contre l\u2019ins\u00e9curit\u00e9 alimentaire et de l\u2019abordabilit\u00e9 des aliments.","robots":{"index":"index","follow":"follow","max-snippet":"max-snippet:-1","max-image-preview":"max-image-preview:large","max-video-preview":"max-video-preview:-1"},"canonical":"https:\/\/www.mapleleaffoods.com\/fr\/articles-de-fond\/accessibilite-alimentaire-insecurite-canada\/","og_locale":"fr_FR","og_type":"article","og_title":"Mesures prises \u00e0 l\u2019\u00e9gard des prix des aliments et d\u2019ins\u00e9curit\u00e9 alimentaire","og_description":"Curtis Frank explique les mesures que prend notre organisation pour lutter contre l\u2019ins\u00e9curit\u00e9 alimentaire et de l\u2019abordabilit\u00e9 des aliments.","og_url":"https:\/\/www.mapleleaffoods.com\/fr\/articles-de-fond\/accessibilite-alimentaire-insecurite-canada\/","og_site_name":"Les Aliments Maple Leaf","article_published_time":"2023-10-05T13:08:35+00:00","article_modified_time":"2023-10-31T19:13:04+00:00","og_image":[{"width":956,"height":519,"url":"https:\/\/www.mapleleaffoods.com\/fr\/wp-content\/uploads\/sites\/7\/2023\/10\/MLF-Blog-FoodAffordability-cover.jpg","type":"image\/jpeg"}],"author":"succi","twitter_card":"summary_large_image","twitter_misc":{"\u00c9crit par":"succi","Dur\u00e9e de lecture estim\u00e9e":"7 minutes"},"schema":{"@context":"https:\/\/schema.org","@graph":[{"@type":"Article","@id":"https:\/\/www.mapleleaffoods.com\/fr\/articles-de-fond\/accessibilite-alimentaire-insecurite-canada\/#article","isPartOf":{"@id":"https:\/\/www.mapleleaffoods.com\/fr\/articles-de-fond\/accessibilite-alimentaire-insecurite-canada\/"},"author":{"name":"succi","@id":"https:\/\/www.mapleleaffoods.com\/fr\/#\/schema\/person\/4e46cabf197ef094b1e018b6f65049a1"},"headline":"R\u00e9flexions sur l\u2019ins\u00e9curit\u00e9 alimentaire et l\u2019abordabilit\u00e9 des aliments \u00e0 l\u2019approche de l\u2019Action de gr\u00e2ce","datePublished":"2023-10-05T13:08:35+00:00","dateModified":"2023-10-31T19:13:04+00:00","mainEntityOfPage":{"@id":"https:\/\/www.mapleleaffoods.com\/fr\/articles-de-fond\/accessibilite-alimentaire-insecurite-canada\/"},"wordCount":1344,"publisher":{"@id":"https:\/\/www.mapleleaffoods.com\/fr\/#organization"},"articleSection":["Article en vedette","Ins\u00e9curit\u00e9 alimentaire"],"inLanguage":"fr-FR"},{"@type":"WebPage","@id":"https:\/\/www.mapleleaffoods.com\/fr\/articles-de-fond\/accessibilite-alimentaire-insecurite-canada\/","url":"https:\/\/www.mapleleaffoods.com\/fr\/articles-de-fond\/accessibilite-alimentaire-insecurite-canada\/","name":"Mesures prises \u00e0 l\u2019\u00e9gard des prix des aliments et d\u2019ins\u00e9curit\u00e9 alimentaire","isPartOf":{"@id":"https:\/\/www.mapleleaffoods.com\/fr\/#website"},"datePublished":"2023-10-05T13:08:35+00:00","dateModified":"2023-10-31T19:13:04+00:00","description":"Curtis Frank explique les mesures que prend notre organisation pour lutter contre l\u2019ins\u00e9curit\u00e9 alimentaire et de l\u2019abordabilit\u00e9 des aliments.","breadcrumb":{"@id":"https:\/\/www.mapleleaffoods.com\/fr\/articles-de-fond\/accessibilite-alimentaire-insecurite-canada\/#breadcrumb"},"inLanguage":"fr-FR","potentialAction":[{"@type":"ReadAction","target":["https:\/\/www.mapleleaffoods.com\/fr\/articles-de-fond\/accessibilite-alimentaire-insecurite-canada\/"]}]},{"@type":"BreadcrumbList","@id":"https:\/\/www.mapleleaffoods.com\/fr\/articles-de-fond\/accessibilite-alimentaire-insecurite-canada\/#breadcrumb","itemListElement":[{"@type":"ListItem","position":1,"name":"Page d\u2019accueil","item":"https:\/\/www.mapleleaffoods.com\/fr\/"},{"@type":"ListItem","position":2,"name":"R\u00e9flexions sur l\u2019ins\u00e9curit\u00e9 alimentaire et l\u2019abordabilit\u00e9 des aliments \u00e0 l\u2019approche de l\u2019Action de gr\u00e2ce"}]},{"@type":"WebSite","@id":"https:\/\/www.mapleleaffoods.com\/fr\/#website","url":"https:\/\/www.mapleleaffoods.com\/fr\/","name":"Les Aliments Maple Leaf","description":"Premi\u00e8re grande entreprise alimentaire carboneutre au monde","publisher":{"@id":"https:\/\/www.mapleleaffoods.com\/fr\/#organization"},"potentialAction":[{"@type":"SearchAction","target":{"@type":"EntryPoint","urlTemplate":"https:\/\/www.mapleleaffoods.com\/fr\/?s={search_term_string}"},"query-input":"required name=search_term_string"}],"inLanguage":"fr-FR"},{"@type":"Organization","@id":"https:\/\/www.mapleleaffoods.com\/fr\/#organization","name":"Les Aliments Maple Leaf","url":"https:\/\/www.mapleleaffoods.com\/fr\/","logo":{"@type":"ImageObject","inLanguage":"fr-FR","@id":"https:\/\/www.mapleleaffoods.com\/fr\/#\/schema\/logo\/image\/","url":"https:\/\/www.mapleleaffoods.com\/fr\/wp-content\/uploads\/sites\/7\/2026\/02\/L_MapleLeaf_4C_White_v1_EN.png","contentUrl":"https:\/\/www.mapleleaffoods.com\/fr\/wp-content\/uploads\/sites\/7\/2026\/02\/L_MapleLeaf_4C_White_v1_EN.png","width":1829,"height":2200,"caption":"Les Aliments Maple Leaf"},"image":{"@id":"https:\/\/www.mapleleaffoods.com\/fr\/#\/schema\/logo\/image\/"}},{"@type":"Person","@id":"https:\/\/www.mapleleaffoods.com\/fr\/#\/schema\/person\/4e46cabf197ef094b1e018b6f65049a1","name":"succi","image":{"@type":"ImageObject","inLanguage":"fr-FR","@id":"https:\/\/www.mapleleaffoods.com\/fr\/#\/schema\/person\/image\/","url":"https:\/\/secure.gravatar.com\/avatar\/faef64e131cfeb4c3463a652e8a5cdb2?s=96&d=mm&r=g","contentUrl":"https:\/\/secure.gravatar.com\/avatar\/faef64e131cfeb4c3463a652e8a5cdb2?s=96&d=mm&r=g","caption":"succi"}}]}},"jetpack_featured_media_url":"https:\/\/www.mapleleaffoods.com\/fr\/wp-content\/uploads\/sites\/7\/2023\/10\/MLF-Blog-FoodAffordability-cover.jpg","jetpack_sharing_enabled":true,"_links":{"self":[{"href":"https:\/\/www.mapleleaffoods.com\/fr\/wp-json\/wp\/v2\/posts\/255390"}],"collection":[{"href":"https:\/\/www.mapleleaffoods.com\/fr\/wp-json\/wp\/v2\/posts"}],"about":[{"href":"https:\/\/www.mapleleaffoods.com\/fr\/wp-json\/wp\/v2\/types\/post"}],"author":[{"embeddable":true,"href":"https:\/\/www.mapleleaffoods.com\/fr\/wp-json\/wp\/v2\/users\/21"}],"replies":[{"embeddable":true,"href":"https:\/\/www.mapleleaffoods.com\/fr\/wp-json\/wp\/v2\/comments?post=255390"}],"version-history":[{"count":2,"href":"https:\/\/www.mapleleaffoods.com\/fr\/wp-json\/wp\/v2\/posts\/255390\/revisions"}],"predecessor-version":[{"id":255394,"href":"https:\/\/www.mapleleaffoods.com\/fr\/wp-json\/wp\/v2\/posts\/255390\/revisions\/255394"}],"wp:featuredmedia":[{"embeddable":true,"href":"https:\/\/www.mapleleaffoods.com\/fr\/wp-json\/wp\/v2\/media\/255392"}],"wp:attachment":[{"href":"https:\/\/www.mapleleaffoods.com\/fr\/wp-json\/wp\/v2\/media?parent=255390"}],"wp:term":[{"taxonomy":"category","embeddable":true,"href":"https:\/\/www.mapleleaffoods.com\/fr\/wp-json\/wp\/v2\/categories?post=255390"},{"taxonomy":"post_tag","embeddable":true,"href":"https:\/\/www.mapleleaffoods.com\/fr\/wp-json\/wp\/v2\/tags?post=255390"}],"curies":[{"name":"wp","href":"https:\/\/api.w.org\/{rel}","templated":true}]}}