{"id":255240,"date":"2023-09-06T08:00:00","date_gmt":"2023-09-06T12:00:00","guid":{"rendered":"https:\/\/www.mapleleaffoods.com\/fr\/?p=255240"},"modified":"2023-10-30T10:08:32","modified_gmt":"2023-10-30T14:08:32","slug":"lynda-kuhn-note-crise-climatique","status":"publish","type":"post","link":"https:\/\/www.mapleleaffoods.com\/fr\/articles-de-fond\/lynda-kuhn-note-crise-climatique\/","title":{"rendered":"Note personnelle sur la crise climatique et les cons\u00e9quences de nos actes"},"content":{"rendered":"\n<h2 class=\"wp-block-heading\">Note personnelle de la vice-pr\u00e9sidente principale Lynda&nbsp;Kuhn \u00e0 propos des petits changements auxquels nous pouvons proc\u00e9der au profit de la durabilit\u00e9. <\/h2>\n\n\n\n<p><strong>Par Lynda&nbsp;Kuhn, vice-pr\u00e9sidente principale, pr\u00e9sidente du Centre de Maple&nbsp;Leaf pour la s\u00e9curit\u00e9 alimentaire<\/strong><strong><\/strong><\/p>\n\n\n\n<p>Feux de for\u00eat hors de contr\u00f4le, neuvi\u00e8me ann\u00e9e cons\u00e9cutive la plus chaude jamais enregistr\u00e9e, s\u00e9cheresse records. Les effets du d\u00e9r\u00e8glement climatique se r\u00e9v\u00e8lent pires et plus effrayants que ce que les scientifiques avaient pr\u00e9dit.<\/p>\n\n\n\n<p>Je r\u00e9fl\u00e9chis beaucoup \u00e0 la mani\u00e8re de modifier mon mode de vie pour r\u00e9duire ma contribution \u00e0 la crise climatique. Comment pourrais-je me regarder dans le miroir si je restais sans rien faire? Je suis LOIN d\u2019\u00eatre parfaite, mais j\u2019essaie de plus en plus de modifier mon mode de vie pour contribuer le moins possible \u00e0 la crise environnementale. Cela m\u2019am\u00e8ne \u00e0 prendre des d\u00e9cisions r\u00e9fl\u00e9chies qui m\u2019emp\u00eachent \u00e0 l\u2019occasion de faire tout ce que je voudrais faire, ou avais coutume de faire.<\/p>\n\n\n\n<p>\u00ab&nbsp;Que puis-je faire?&nbsp;\u00bb Telle est la question que me posent parfois mes coll\u00e8gues et amis quand nous discutons de la crise climatique. Ce n\u2019est pas tr\u00e8s compliqu\u00e9&nbsp;: il suffit \u00e0 chacun de changer quelques petites choses. <strong>On ne peut pas tout avoir<\/strong><\/p>\n\n\n\n<p>Aux \u00c9tats-Unis, plus de 20&nbsp;% des \u00e9missions de gaz \u00e0 effet de serre sont directement attribuables \u00e0 la consommation domestique. Ce pourcentage grimpe \u00e0 80&nbsp;% si l\u2019on prend en compte les \u00e9missions indirectes. (<a href=\"https:\/\/www.pbs.org\/newshour\/science\/5-charts-show-how-your-household-drives-up-global-greenhouse-gas-emissions\" target=\"_blank\" rel=\"noreferrer noopener\">Donn\u00e9es de 2019&nbsp;\u2013 PBS<\/a>)<\/p>\n\n\n\n<p>Le transport et le logement contribuent \u00e0 plus de 60&nbsp;% de l\u2019empreinte carbone des m\u00e9nages \u00e9tats-uniens; les donn\u00e9es \u00e9tant similaires pour le Canada. Les cha\u00eenes d\u2019approvisionnement li\u00e9es aux services (de sant\u00e9, bancaires, etc.) et \u00e0 l\u2019alimentation sont responsables de la plus grande partie des \u00e9missions carbon\u00e9es. Hors de l\u2019Am\u00e9rique du Nord, celles-ci sont principalement attribuables \u00e0 l\u2019alimentation, aux meubles et fournitures ainsi qu\u2019aux v\u00eatements.<\/p>\n\n\n\n<h3 class=\"wp-block-heading\">Se d\u00e9placer moins et plus intelligemment&nbsp; <\/h3>\n\n\n\n<p>Apr\u00e8s le logement, les transports sont les plus gros \u00e9metteurs de gaz \u00e0 effet de serre. Le type de v\u00e9hicule qu\u2019on conduit, les distances qu\u2019on parcourt et le nombre de nos voyages en avion ont une incidence directe sur le climat.<\/p>\n\n\n\n<p>Bien que de nombreux secteurs commencent \u00e0 r\u00e9duire leurs \u00e9missions, le nombre de voyages en avion s\u2019accro\u00eet sans cesse. De 1990 \u00e0 2012, les \u00e9missions carbon\u00e9es g\u00e9n\u00e9r\u00e9es par le secteur a\u00e9rien ont augment\u00e9 de 75&nbsp;% entre 1990 et 2012, et leur hausse rapide devrait persister jusqu\u2019en 2050. Si rien n\u2019est fait, elle pourraient repr\u00e9senter \u00e0 elles seules le quart du total \u00e0 ne pas d\u00e9passer en mati\u00e8re d\u2019\u00e9missions pour limiter la hausse des temp\u00e9ratures \u00e0 1,5&nbsp;<sup>o<\/sup>C.<\/p>\n\n\n<div class=\"wp-list-block\">\n<ul class=\"wp-block-list\">\n<li>Si le secteur a\u00e9rien \u00e9tait un pays, il compterait parmi les 10&nbsp;plus gros \u00e9metteurs mondiaux.&nbsp;<\/li>\n\n\n\n<li>Le secteur du tourisme mondial est responsable de 8&nbsp;% des \u00e9missions plan\u00e9taires. Il \u00e9met plus de CO<sub>2<\/sub> que le secteur de la construction!<\/li>\n\n\n\n<li>L\u2019empreinte carbone d\u2019un seul vol est tellement grande que le fait d\u2019\u00e9viter de prendre l\u2019avion \u00e0 une seule reprise peut avoir le m\u00eame effet que d\u2019\u00e9viter d\u2019utiliser son v\u00e9hicule \u00e0 essence pendant un an.<\/li>\n<\/ul>\n<\/div>\n\n\n<p>Je continue pourtant \u00e0 utiliser mon v\u00e9hicule diesel peu gourmand en carburant achet\u00e9 il y a 10&nbsp;ans, car mon fils m\u2019assure que la fabrication de voitures a plus d\u2019incidence sur le climat que leur utilisation. Mais mon prochain v\u00e9hicule sera \u00e9lectrique. Mon mari et moi prenons beaucoup moins l\u2019avion qu\u2019avant et quand nous le faisons, nous optons pour la classe \u00e9conomique (pas par souci d\u2019\u00e9conomie, mais parce que chaque passager occupe moins de place), privil\u00e9gions les vols directs (les d\u00e9collages et atterrissages \u00e9tant ce qui pollue le plus), et adh\u00e9rons aux programmes de compensation des \u00e9missions carbon\u00e9es propos\u00e9s en ligne par les lignes a\u00e9riennes. Mais j\u2019essaie aussi de prendre moins de d\u00e9cisions irr\u00e9fl\u00e9chies, comme celle d\u2019acheter un camion diesel ou une caravane \u00e0 l\u2019empreinte carbone \u00e9norme.&nbsp;<\/p>\n\n\n\n<figure class=\"wp-block-image aligncenter size-full\"><img decoding=\"async\" width=\"630\" height=\"546\" src=\"https:\/\/www.mapleleaffoods.com\/fr\/wp-content\/uploads\/sites\/7\/2023\/09\/MLF-LyndaKuhn-ClimateCrisisNote-Image-630x546-1.jpg\" alt=\"Lynda Kuhn\" class=\"wp-image-255245\" srcset=\"https:\/\/b3412141.smushcdn.com\/3412141\/wp-content\/uploads\/sites\/7\/2023\/09\/MLF-LyndaKuhn-ClimateCrisisNote-Image-630x546-1.jpg?lossy=1&amp;strip=1&amp;webp=1 630w, https:\/\/b3412141.smushcdn.com\/3412141\/wp-content\/uploads\/sites\/7\/2023\/09\/MLF-LyndaKuhn-ClimateCrisisNote-Image-630x546-1-300x260.jpg?lossy=1&amp;strip=1&amp;webp=1 300w\" sizes=\"(max-width: 630px) 100vw, 630px\" \/><figcaption class=\"wp-element-caption\">Lynda&nbsp;Kuhn, vice-pr\u00e9sidente principale, pr\u00e9sidente du Centre de Maple&nbsp;Leaf pour la s\u00e9curit\u00e9 alimentaire<\/figcaption><\/figure>\n\n\n\n<h3 class=\"wp-block-heading\">Opter pour une alimentation durable pour r\u00e9duire notre empreinte carbone <\/h3>\n\n\n\n<p>Nos choix alimentaires comptent parmi ceux qui influent directement sur notre empreinte carbone. Selon le mode de calcul utilis\u00e9, l\u2019on estime que la production alimentaire g\u00e9n\u00e8re de 26 \u00e0 33,3 % des \u00e9missions mondiales de gaz \u00e0 effet de serre. Ce sont les aliments d\u2019origine animale, comme la viande et les produits laitiers, qui ont le plus d\u2019incidence sur le climat. Je tente personnellement de me passer de viande deux \u00e0 trois&nbsp;jours par semaine. Et les autres jours, j\u2019en mange deux fois moins qu\u2019avant. Je mange rarement du b\u0153uf, dont l\u2019\u00e9levage a beaucoup plus d\u2019incidence sur le climat que celui des porcs ou des poulets. J\u2019opte de plus pour les <a href=\"https:\/\/www.mapleleaffoods.com\/fr\/marques\/\">produits de Maple&nbsp;Leaf<\/a>, parce que nous sommes une <a href=\"https:\/\/www.mapleleaffoods.com\/fr\/nos-engagements\/environnement\/carboneutre\/\">entreprise carboneutre<\/a>. J\u2019essaie vraiment de planifier mes repas au mieux, de consommer ce que j\u2019ai achet\u00e9 et de composter mes d\u00e9chets organiques. Mon mari et moi cultivons une bonne part de nos aliments et plantons des arbres ainsi que des plantes indig\u00e8nes qui emprisonnent le carbone, ce qui contribue \u00e0 r\u00e9duire nos d\u00e9placements li\u00e9s aux courses alimentaires.&nbsp;<\/p>\n\n\n\n<h3 class=\"wp-block-heading\">Plus on gagne d\u2019argent, plus notre empreinte carbone est importante <\/h3>\n\n\n\n<p>Sans surprise, notre incidence sur le d\u00e9r\u00e8glement climatique est directement li\u00e9e \u00e0 l\u2019importance de notre consommation personnelle. Or, le plus souvent, plus on gagne d\u2019argent, plus on consomme. Les plus gros \u00e9metteurs de CO<sub>2<\/sub> se comptent principalement parmi les plus riches. Au sein du classement des \u00e9metteurs, ceux du d\u00e9cile sup\u00e9rieur g\u00e9n\u00e8rent 45&nbsp;% des \u00e9missions mondiales de CO<sub>2<\/sub>, alors que ceux des cinq&nbsp;d\u00e9ciles inf\u00e9rieurs n\u2019en g\u00e9n\u00e8rent que 13 %. Cela tient avant tout au fait que les gros \u00e9metteurs consacrent plus d\u2019argent \u00e0 voyager.<\/p>\n\n\n\n<p>Et l\u2019on ne parle pas des personnes tr\u00e8s riches, qui gagnent plus de 70&nbsp;000&nbsp;$&nbsp;US par ann\u00e9e. &nbsp;<\/p>\n\n\n\n<h3 class=\"wp-block-heading\">En mati\u00e8re de d\u00e9r\u00e8glement climatique, nos choix personnels affectent un grand nombre de gens<\/h3>\n\n\n\n<p>Que conclure de ce qui pr\u00e9c\u00e8de? Que nous pouvons et devrions tous contribuer \u00e0 changer les choses. M\u00eame l\u2019apport de changements apparemment anodins \u00e0 notre mode de vie aide les autres \u00e0 prendre conscience des cons\u00e9quences de leurs choix. Il s\u2019agit souvent de choix personnels, mais en mati\u00e8re de d\u00e9r\u00e8glement climatique, ceux-ci ont une incidence sur un grand nombre de gens.<\/p>\n\n\n\n<p>Mon but n\u2019est pas de faire la morale \u00e0 quiconque. Je fais partie des gros \u00e9metteurs, ce qui n\u2019est pas bien et contribue \u00e0 la crise climatique. Je souhaite simplement encourager chacun \u00e0 r\u00e9fl\u00e9chir, \u00e0 prendre conscience de l\u2019incidence de ses choix et \u00e0 faire ceux, difficiles, qui s\u2019imposent pour nous cessions de nous diriger \u00e0 vitesse grand V vers une catastrophe climatique irr\u00e9versible.<\/p>\n","protected":false},"excerpt":{"rendered":"<p>Note personnelle de la vice-pr\u00e9sidente principale Lynda Kuhn \u00e0 propos des petits changements auxquels nous pouvons proc\u00e9der au profit de la durabilit\u00e9. <\/p>\n","protected":false},"author":21,"featured_media":255241,"comment_status":"closed","ping_status":"closed","sticky":false,"template":"","format":"standard","meta":{"mlfcorp_iframe_url":"","footnotes":""},"categories":[55,3],"tags":[],"class_list":["post-255240","post","type-post","status-publish","format-standard","has-post-thumbnail","hentry","category-article-en-vedette","category-nos-engagements"],"acf":[],"yoast_head":"<!-- This site is optimized with the Yoast SEO plugin v21.7 - https:\/\/yoast.com\/wordpress\/plugins\/seo\/ -->\n<title>Note sur la crise climatique actuelle | Les Aliments Maple Leaf<\/title>\n<meta name=\"description\" content=\"Une note personnelle de la vice-pr\u00e9sidente principale Lynda Kuhn sur la n\u00e9cessit\u00e9 d&#039;agir ensemble pour lutter contre le changement climatique.\" \/>\n<meta name=\"robots\" content=\"index, follow, max-snippet:-1, max-image-preview:large, max-video-preview:-1\" \/>\n<link rel=\"canonical\" href=\"https:\/\/www.mapleleaffoods.com\/fr\/articles-de-fond\/lynda-kuhn-note-crise-climatique\/\" \/>\n<meta property=\"og:locale\" content=\"fr_FR\" \/>\n<meta property=\"og:type\" content=\"article\" \/>\n<meta property=\"og:title\" content=\"Note sur la crise climatique actuelle | Les Aliments Maple Leaf\" \/>\n<meta property=\"og:description\" content=\"Une note personnelle de la vice-pr\u00e9sidente principale Lynda Kuhn sur la n\u00e9cessit\u00e9 d&#039;agir ensemble pour lutter contre le changement climatique.\" \/>\n<meta property=\"og:url\" content=\"https:\/\/www.mapleleaffoods.com\/fr\/articles-de-fond\/lynda-kuhn-note-crise-climatique\/\" \/>\n<meta property=\"og:site_name\" content=\"Les Aliments Maple Leaf\" \/>\n<meta property=\"article:published_time\" content=\"2023-09-06T12:00:00+00:00\" \/>\n<meta property=\"article:modified_time\" content=\"2023-10-30T14:08:32+00:00\" \/>\n<meta property=\"og:image\" content=\"https:\/\/www.mapleleaffoods.com\/fr\/wp-content\/uploads\/sites\/7\/2023\/09\/MLF-LyndaKuhn-ClimateCrisisNote-Cover-956x519-1.jpg\" \/>\n\t<meta property=\"og:image:width\" content=\"956\" \/>\n\t<meta property=\"og:image:height\" content=\"519\" \/>\n\t<meta property=\"og:image:type\" content=\"image\/jpeg\" \/>\n<meta name=\"author\" content=\"succi\" \/>\n<meta name=\"twitter:card\" content=\"summary_large_image\" \/>\n<meta name=\"twitter:label1\" content=\"\u00c9crit par\" \/>\n\t<meta name=\"twitter:data1\" content=\"succi\" \/>\n\t<meta name=\"twitter:label2\" content=\"Dur\u00e9e de lecture estim\u00e9e\" \/>\n\t<meta name=\"twitter:data2\" content=\"6 minutes\" \/>\n<script type=\"application\/ld+json\" class=\"yoast-schema-graph\">{\"@context\":\"https:\/\/schema.org\",\"@graph\":[{\"@type\":\"Article\",\"@id\":\"https:\/\/www.mapleleaffoods.com\/fr\/articles-de-fond\/lynda-kuhn-note-crise-climatique\/#article\",\"isPartOf\":{\"@id\":\"https:\/\/www.mapleleaffoods.com\/fr\/articles-de-fond\/lynda-kuhn-note-crise-climatique\/\"},\"author\":{\"name\":\"succi\",\"@id\":\"https:\/\/www.mapleleaffoods.com\/fr\/#\/schema\/person\/4e46cabf197ef094b1e018b6f65049a1\"},\"headline\":\"Note personnelle sur la crise climatique et les cons\u00e9quences de nos actes\",\"datePublished\":\"2023-09-06T12:00:00+00:00\",\"dateModified\":\"2023-10-30T14:08:32+00:00\",\"mainEntityOfPage\":{\"@id\":\"https:\/\/www.mapleleaffoods.com\/fr\/articles-de-fond\/lynda-kuhn-note-crise-climatique\/\"},\"wordCount\":1214,\"publisher\":{\"@id\":\"https:\/\/www.mapleleaffoods.com\/fr\/#organization\"},\"articleSection\":[\"Article en vedette\",\"Nos engagements\"],\"inLanguage\":\"fr-FR\"},{\"@type\":\"WebPage\",\"@id\":\"https:\/\/www.mapleleaffoods.com\/fr\/articles-de-fond\/lynda-kuhn-note-crise-climatique\/\",\"url\":\"https:\/\/www.mapleleaffoods.com\/fr\/articles-de-fond\/lynda-kuhn-note-crise-climatique\/\",\"name\":\"Note sur la crise climatique actuelle | Les Aliments Maple Leaf\",\"isPartOf\":{\"@id\":\"https:\/\/www.mapleleaffoods.com\/fr\/#website\"},\"datePublished\":\"2023-09-06T12:00:00+00:00\",\"dateModified\":\"2023-10-30T14:08:32+00:00\",\"description\":\"Une note personnelle de la vice-pr\u00e9sidente principale Lynda Kuhn sur la n\u00e9cessit\u00e9 d'agir ensemble pour lutter contre le changement climatique.\",\"breadcrumb\":{\"@id\":\"https:\/\/www.mapleleaffoods.com\/fr\/articles-de-fond\/lynda-kuhn-note-crise-climatique\/#breadcrumb\"},\"inLanguage\":\"fr-FR\",\"potentialAction\":[{\"@type\":\"ReadAction\",\"target\":[\"https:\/\/www.mapleleaffoods.com\/fr\/articles-de-fond\/lynda-kuhn-note-crise-climatique\/\"]}]},{\"@type\":\"BreadcrumbList\",\"@id\":\"https:\/\/www.mapleleaffoods.com\/fr\/articles-de-fond\/lynda-kuhn-note-crise-climatique\/#breadcrumb\",\"itemListElement\":[{\"@type\":\"ListItem\",\"position\":1,\"name\":\"Page d\u2019accueil\",\"item\":\"https:\/\/www.mapleleaffoods.com\/fr\/\"},{\"@type\":\"ListItem\",\"position\":2,\"name\":\"Note personnelle sur la crise climatique et les cons\u00e9quences de nos actes\"}]},{\"@type\":\"WebSite\",\"@id\":\"https:\/\/www.mapleleaffoods.com\/fr\/#website\",\"url\":\"https:\/\/www.mapleleaffoods.com\/fr\/\",\"name\":\"Les Aliments Maple Leaf\",\"description\":\"Premi\u00e8re grande entreprise alimentaire carboneutre au monde\",\"publisher\":{\"@id\":\"https:\/\/www.mapleleaffoods.com\/fr\/#organization\"},\"potentialAction\":[{\"@type\":\"SearchAction\",\"target\":{\"@type\":\"EntryPoint\",\"urlTemplate\":\"https:\/\/www.mapleleaffoods.com\/fr\/?s={search_term_string}\"},\"query-input\":\"required name=search_term_string\"}],\"inLanguage\":\"fr-FR\"},{\"@type\":\"Organization\",\"@id\":\"https:\/\/www.mapleleaffoods.com\/fr\/#organization\",\"name\":\"Les Aliments Maple Leaf\",\"url\":\"https:\/\/www.mapleleaffoods.com\/fr\/\",\"logo\":{\"@type\":\"ImageObject\",\"inLanguage\":\"fr-FR\",\"@id\":\"https:\/\/www.mapleleaffoods.com\/fr\/#\/schema\/logo\/image\/\",\"url\":\"https:\/\/www.mapleleaffoods.com\/fr\/wp-content\/uploads\/sites\/7\/2026\/02\/L_MapleLeaf_4C_White_v1_EN.png\",\"contentUrl\":\"https:\/\/www.mapleleaffoods.com\/fr\/wp-content\/uploads\/sites\/7\/2026\/02\/L_MapleLeaf_4C_White_v1_EN.png\",\"width\":1829,\"height\":2200,\"caption\":\"Les Aliments Maple Leaf\"},\"image\":{\"@id\":\"https:\/\/www.mapleleaffoods.com\/fr\/#\/schema\/logo\/image\/\"}},{\"@type\":\"Person\",\"@id\":\"https:\/\/www.mapleleaffoods.com\/fr\/#\/schema\/person\/4e46cabf197ef094b1e018b6f65049a1\",\"name\":\"succi\",\"image\":{\"@type\":\"ImageObject\",\"inLanguage\":\"fr-FR\",\"@id\":\"https:\/\/www.mapleleaffoods.com\/fr\/#\/schema\/person\/image\/\",\"url\":\"https:\/\/secure.gravatar.com\/avatar\/faef64e131cfeb4c3463a652e8a5cdb2?s=96&d=mm&r=g\",\"contentUrl\":\"https:\/\/secure.gravatar.com\/avatar\/faef64e131cfeb4c3463a652e8a5cdb2?s=96&d=mm&r=g\",\"caption\":\"succi\"}}]}<\/script>\n<!-- \/ Yoast SEO plugin. -->","yoast_head_json":{"title":"Note sur la crise climatique actuelle | Les Aliments Maple Leaf","description":"Une note personnelle de la vice-pr\u00e9sidente principale Lynda Kuhn sur la n\u00e9cessit\u00e9 d'agir ensemble pour lutter contre le changement climatique.","robots":{"index":"index","follow":"follow","max-snippet":"max-snippet:-1","max-image-preview":"max-image-preview:large","max-video-preview":"max-video-preview:-1"},"canonical":"https:\/\/www.mapleleaffoods.com\/fr\/articles-de-fond\/lynda-kuhn-note-crise-climatique\/","og_locale":"fr_FR","og_type":"article","og_title":"Note sur la crise climatique actuelle | Les Aliments Maple Leaf","og_description":"Une note personnelle de la vice-pr\u00e9sidente principale Lynda Kuhn sur la n\u00e9cessit\u00e9 d'agir ensemble pour lutter contre le changement climatique.","og_url":"https:\/\/www.mapleleaffoods.com\/fr\/articles-de-fond\/lynda-kuhn-note-crise-climatique\/","og_site_name":"Les Aliments Maple Leaf","article_published_time":"2023-09-06T12:00:00+00:00","article_modified_time":"2023-10-30T14:08:32+00:00","og_image":[{"width":956,"height":519,"url":"https:\/\/www.mapleleaffoods.com\/fr\/wp-content\/uploads\/sites\/7\/2023\/09\/MLF-LyndaKuhn-ClimateCrisisNote-Cover-956x519-1.jpg","type":"image\/jpeg"}],"author":"succi","twitter_card":"summary_large_image","twitter_misc":{"\u00c9crit par":"succi","Dur\u00e9e de lecture estim\u00e9e":"6 minutes"},"schema":{"@context":"https:\/\/schema.org","@graph":[{"@type":"Article","@id":"https:\/\/www.mapleleaffoods.com\/fr\/articles-de-fond\/lynda-kuhn-note-crise-climatique\/#article","isPartOf":{"@id":"https:\/\/www.mapleleaffoods.com\/fr\/articles-de-fond\/lynda-kuhn-note-crise-climatique\/"},"author":{"name":"succi","@id":"https:\/\/www.mapleleaffoods.com\/fr\/#\/schema\/person\/4e46cabf197ef094b1e018b6f65049a1"},"headline":"Note personnelle sur la crise climatique et les cons\u00e9quences de nos actes","datePublished":"2023-09-06T12:00:00+00:00","dateModified":"2023-10-30T14:08:32+00:00","mainEntityOfPage":{"@id":"https:\/\/www.mapleleaffoods.com\/fr\/articles-de-fond\/lynda-kuhn-note-crise-climatique\/"},"wordCount":1214,"publisher":{"@id":"https:\/\/www.mapleleaffoods.com\/fr\/#organization"},"articleSection":["Article en vedette","Nos engagements"],"inLanguage":"fr-FR"},{"@type":"WebPage","@id":"https:\/\/www.mapleleaffoods.com\/fr\/articles-de-fond\/lynda-kuhn-note-crise-climatique\/","url":"https:\/\/www.mapleleaffoods.com\/fr\/articles-de-fond\/lynda-kuhn-note-crise-climatique\/","name":"Note sur la crise climatique actuelle | Les Aliments Maple Leaf","isPartOf":{"@id":"https:\/\/www.mapleleaffoods.com\/fr\/#website"},"datePublished":"2023-09-06T12:00:00+00:00","dateModified":"2023-10-30T14:08:32+00:00","description":"Une note personnelle de la vice-pr\u00e9sidente principale Lynda Kuhn sur la n\u00e9cessit\u00e9 d'agir ensemble pour lutter contre le changement climatique.","breadcrumb":{"@id":"https:\/\/www.mapleleaffoods.com\/fr\/articles-de-fond\/lynda-kuhn-note-crise-climatique\/#breadcrumb"},"inLanguage":"fr-FR","potentialAction":[{"@type":"ReadAction","target":["https:\/\/www.mapleleaffoods.com\/fr\/articles-de-fond\/lynda-kuhn-note-crise-climatique\/"]}]},{"@type":"BreadcrumbList","@id":"https:\/\/www.mapleleaffoods.com\/fr\/articles-de-fond\/lynda-kuhn-note-crise-climatique\/#breadcrumb","itemListElement":[{"@type":"ListItem","position":1,"name":"Page d\u2019accueil","item":"https:\/\/www.mapleleaffoods.com\/fr\/"},{"@type":"ListItem","position":2,"name":"Note personnelle sur la crise climatique et les cons\u00e9quences de nos actes"}]},{"@type":"WebSite","@id":"https:\/\/www.mapleleaffoods.com\/fr\/#website","url":"https:\/\/www.mapleleaffoods.com\/fr\/","name":"Les Aliments Maple Leaf","description":"Premi\u00e8re grande entreprise alimentaire carboneutre au monde","publisher":{"@id":"https:\/\/www.mapleleaffoods.com\/fr\/#organization"},"potentialAction":[{"@type":"SearchAction","target":{"@type":"EntryPoint","urlTemplate":"https:\/\/www.mapleleaffoods.com\/fr\/?s={search_term_string}"},"query-input":"required name=search_term_string"}],"inLanguage":"fr-FR"},{"@type":"Organization","@id":"https:\/\/www.mapleleaffoods.com\/fr\/#organization","name":"Les Aliments Maple Leaf","url":"https:\/\/www.mapleleaffoods.com\/fr\/","logo":{"@type":"ImageObject","inLanguage":"fr-FR","@id":"https:\/\/www.mapleleaffoods.com\/fr\/#\/schema\/logo\/image\/","url":"https:\/\/www.mapleleaffoods.com\/fr\/wp-content\/uploads\/sites\/7\/2026\/02\/L_MapleLeaf_4C_White_v1_EN.png","contentUrl":"https:\/\/www.mapleleaffoods.com\/fr\/wp-content\/uploads\/sites\/7\/2026\/02\/L_MapleLeaf_4C_White_v1_EN.png","width":1829,"height":2200,"caption":"Les Aliments Maple Leaf"},"image":{"@id":"https:\/\/www.mapleleaffoods.com\/fr\/#\/schema\/logo\/image\/"}},{"@type":"Person","@id":"https:\/\/www.mapleleaffoods.com\/fr\/#\/schema\/person\/4e46cabf197ef094b1e018b6f65049a1","name":"succi","image":{"@type":"ImageObject","inLanguage":"fr-FR","@id":"https:\/\/www.mapleleaffoods.com\/fr\/#\/schema\/person\/image\/","url":"https:\/\/secure.gravatar.com\/avatar\/faef64e131cfeb4c3463a652e8a5cdb2?s=96&d=mm&r=g","contentUrl":"https:\/\/secure.gravatar.com\/avatar\/faef64e131cfeb4c3463a652e8a5cdb2?s=96&d=mm&r=g","caption":"succi"}}]}},"jetpack_featured_media_url":"https:\/\/www.mapleleaffoods.com\/fr\/wp-content\/uploads\/sites\/7\/2023\/09\/MLF-LyndaKuhn-ClimateCrisisNote-Cover-956x519-1.jpg","jetpack_sharing_enabled":true,"_links":{"self":[{"href":"https:\/\/www.mapleleaffoods.com\/fr\/wp-json\/wp\/v2\/posts\/255240"}],"collection":[{"href":"https:\/\/www.mapleleaffoods.com\/fr\/wp-json\/wp\/v2\/posts"}],"about":[{"href":"https:\/\/www.mapleleaffoods.com\/fr\/wp-json\/wp\/v2\/types\/post"}],"author":[{"embeddable":true,"href":"https:\/\/www.mapleleaffoods.com\/fr\/wp-json\/wp\/v2\/users\/21"}],"replies":[{"embeddable":true,"href":"https:\/\/www.mapleleaffoods.com\/fr\/wp-json\/wp\/v2\/comments?post=255240"}],"version-history":[{"count":6,"href":"https:\/\/www.mapleleaffoods.com\/fr\/wp-json\/wp\/v2\/posts\/255240\/revisions"}],"predecessor-version":[{"id":255482,"href":"https:\/\/www.mapleleaffoods.com\/fr\/wp-json\/wp\/v2\/posts\/255240\/revisions\/255482"}],"wp:featuredmedia":[{"embeddable":true,"href":"https:\/\/www.mapleleaffoods.com\/fr\/wp-json\/wp\/v2\/media\/255241"}],"wp:attachment":[{"href":"https:\/\/www.mapleleaffoods.com\/fr\/wp-json\/wp\/v2\/media?parent=255240"}],"wp:term":[{"taxonomy":"category","embeddable":true,"href":"https:\/\/www.mapleleaffoods.com\/fr\/wp-json\/wp\/v2\/categories?post=255240"},{"taxonomy":"post_tag","embeddable":true,"href":"https:\/\/www.mapleleaffoods.com\/fr\/wp-json\/wp\/v2\/tags?post=255240"}],"curies":[{"name":"wp","href":"https:\/\/api.w.org\/{rel}","templated":true}]}}