{"id":246053,"date":"2021-10-07T00:02:53","date_gmt":"2021-10-07T00:02:53","guid":{"rendered":"https:\/\/staging.mapleleaffoods.com\/fr\/2021\/10\/07\/agissez-et-parlez-en-faveur-de-la-securite-alimentaire\/"},"modified":"2022-09-30T10:44:48","modified_gmt":"2022-09-30T14:44:48","slug":"agissez-et-parlez-faveur-securite-alimentaire","status":"publish","type":"post","link":"https:\/\/www.mapleleaffoods.com\/fr\/articles-de-fond\/agissez-et-parlez-faveur-securite-alimentaire\/","title":{"rendered":"Agissez et parlez en faveur de la s\u00e9curit\u00e9 alimentaire"},"content":{"rendered":"<p>Depuis cinq ans, le Centre d\u2019action de Maple Leaf pour la s\u00e9curit\u00e9 alimentaire s\u2019efforce de r\u00e9duire l\u2019ins\u00e9curit\u00e9 alimentaire au Canada. Nous avons form\u00e9 des partenariats et financ\u00e9 des programmes qui font progresser la s\u00e9curit\u00e9 alimentaire et luttent contre la faim et nous avons \u0153uvr\u00e9 afin d\u2019accro\u00eetre la sensibilisation \u00e0 ce probl\u00e8me. Nous cherchons \u00e0 travailler en collaboration dans l\u2019ensemble des secteurs afin de r\u00e9duire l\u2019ins\u00e9curit\u00e9 alimentaire au Canada de 50 pour cent d\u2019ici 2030.<\/p>\n<p>Nous n\u2019allons pas nous arr\u00eater de mieux faire conna\u00eetre ce probl\u00e8me social urgent. Et nous vous exhortons \u00e0 joindre nos rangs en passant \u00e0 l\u2019action.<\/p>\n<h3>Il est temps de parler en faveur de la s\u00e9curit\u00e9 alimentaire au Canada<\/h3>\n<p>En vue de la Journ\u00e9e mondiale de l\u2019alimentation qui aura lieu le 16 octobre, nous avons lanc\u00e9 une campagne, #SpeakUpForFoodSecurity (le mot-clic signifie \u00ab parlez en faveur de la s\u00e9curit\u00e9 alimentaire&nbsp;\u00bb), qui encourage les Canadiens \u00e0 communiquer avec leurs d\u00e9put\u00e9s pour les appeler \u00e0 agir afin de mettre fin \u00e0 l\u2019ins\u00e9curit\u00e9 alimentaire.<\/p>\n<p>Au moyen de la campagne #SpeakUpForFoodSecurity, notre objectif est de nous &nbsp;prononcer sur un point de vue partag\u00e9 par tant de Canadiens&nbsp;: que la crise de l\u2019ins\u00e9curit\u00e9 alimentaire est inacceptable au Canada et qu\u2019il est maintenant temps que \u00e7a change.<\/p>\n<p>Nous avons cr\u00e9\u00e9 une nouvelle caract\u00e9ristique sur notre <a href=\"https:\/\/www.feedopportunity.com\/contact-your-mp\/\" target=\"_blank\" rel=\"noopener\">site Web<\/a> o\u00f9 vous pouvez facilement identifier votre d\u00e9put\u00e9(e) et cliquer sur \u00ab&nbsp;Envoyer le courriel&nbsp;\u00bb pour lui exp\u00e9dier une lettre pr\u00e9-\u00e9crite (mais modifiable) afin de lui demander d\u2019intervenir. <a href=\"https:\/\/www.feedopportunity.com\/contact-your-mp\/\" target=\"_blank\" rel=\"noopener\">Contactez votre d\u00e9put\u00e9(e)<\/a>.<\/p>\n<h3>La campagne #SpeakUpForFoodSecurity sur les m\u00e9dias sociaux<\/h3>\n<p>Nous avons cr\u00e9\u00e9 trois vid\u00e9os br\u00e8ves dont nous ferons la promotion sur tous les supports m\u00e9diatiques du Centre&nbsp;: <a href=\"https:\/\/twitter.com\/feedopportunity\" target=\"_blank\" rel=\"noopener\">Twitter<\/a>, <a href=\"https:\/\/www.facebook.com\/feedopportunity\" target=\"_blank\" rel=\"noopener\">Facebook<\/a>, <a href=\"https:\/\/www.instagram.com\/feedopportunity\/\" target=\"_blank\" rel=\"noopener\">Instagram<\/a> et <a href=\"https:\/\/www.youtube.com\/channel\/UCEeRlXVVpNMQNhejrK465-Q\" target=\"_blank\" rel=\"noopener\">YouTube<\/a>. Vous pouvez visionner les vid\u00e9os ci-dessous.<\/p>\n<p>Les vid\u00e9os traitent des choix impossibles auxquels des millions de personnes font face chaque jour au Canada \u2013 soit payer les factures essentielles comme le chauffage et le loyer ou bien nourrir leur famille. C\u2019est un choix que personne ne devrait avoir \u00e0 faire et c\u2019est inacceptable dans une nation aussi riche que la n\u00f4tre.<\/p>\n<p>Visitez <a href=\"http:\/\/www.feedopportunity.com\/contact-your-MP\" target=\"_blank\" rel=\"noopener\">www.feedopportunity.com\/contact-your-MP<\/a> afin d\u2019envoyer une lettre \u00e0 votre d\u00e9put\u00e9(e) d\u00e8s maintenant. S\u2019il vous pla\u00eet, n\u2019h\u00e9sitez pas \u00e0 partager largement!<\/p>\n<p>Assurez-vous d\u2019indiquer \u00ab&nbsp;J\u2019aime&nbsp;\u00bb pour le centre et de le suivre sur Twitter, Facebook et Instagram @feedopportunity.<\/p>\n<p>Les vid\u00e9os sont uniquement en anglais.<\/p>\n<p>[youtube https:\/\/www.youtube.com\/watch?v=6U3ftHw7KJA&amp;w=560&amp;h=315]<\/p>\n<p>1 m\u00e9nage canadien sur 8 doit faire le choix impossible entre chauffer son domicile et nourrir sa famille.<\/p>\n<p>[youtube https:\/\/www.youtube.com\/watch?v=scibWH41Thw&amp;w=560&amp;h=315]<\/p>\n<p>1 m\u00e9nage canadien sur 8 doit faire le choix impossible entre payer les services publics essentiels et nourrir sa famille.<\/p>\n<p>[youtube https:\/\/www.youtube.com\/watch?v=AmRh648Cub0&amp;w=560&amp;h=315]<\/p>\n<p>1 m\u00e9nage canadien sur 8 doit faire le choix impossible entre acheter des v\u00eatements et nourrir sa famille.<\/p>\n","protected":false},"excerpt":{"rendered":"<p>La campagne #SpeakUpForFoodSecurity vous demande de contacter votre d\u00e9put\u00e9(e) afin d\u2019intervenir et de mettre fin \u00e0 l\u2019ins\u00e9curit\u00e9 alimentaire au Canada.<\/p>\n","protected":false},"author":18,"featured_media":245712,"comment_status":"open","ping_status":"open","sticky":false,"template":"","format":"standard","meta":{"mlfcorp_iframe_url":"","footnotes":""},"categories":[55,47,3],"tags":[],"class_list":["post-246053","post","type-post","status-publish","format-standard","has-post-thumbnail","hentry","category-article-en-vedette","category-insecurite-alimentaire","category-nos-engagements"],"acf":[],"yoast_head":"<!-- This site is optimized with the Yoast SEO plugin v21.7 - https:\/\/yoast.com\/wordpress\/plugins\/seo\/ -->\n<title>Agissez et parlez en faveur de la s\u00e9curit\u00e9 alimentaire<\/title>\n<meta name=\"description\" content=\"1 m\u00e9nage canadien sur 8 doit choisir entre les d\u00e9penses essentielles comme le loyer ou le chauffage et nourrir sa famille. Il est temps de parler en faveur...\" \/>\n<meta name=\"robots\" content=\"index, follow, max-snippet:-1, max-image-preview:large, max-video-preview:-1\" \/>\n<link rel=\"canonical\" href=\"https:\/\/www.mapleleaffoods.com\/fr\/articles-de-fond\/agissez-et-parlez-faveur-securite-alimentaire\/\" \/>\n<meta property=\"og:locale\" content=\"fr_FR\" \/>\n<meta property=\"og:type\" content=\"article\" \/>\n<meta property=\"og:title\" content=\"Agissez et parlez en faveur de la s\u00e9curit\u00e9 alimentaire\" \/>\n<meta property=\"og:description\" content=\"1 m\u00e9nage canadien sur 8 doit choisir entre les d\u00e9penses essentielles comme le loyer ou le chauffage et nourrir sa famille. Il est temps de parler en faveur...\" \/>\n<meta property=\"og:url\" content=\"https:\/\/www.mapleleaffoods.com\/fr\/articles-de-fond\/agissez-et-parlez-faveur-securite-alimentaire\/\" \/>\n<meta property=\"og:site_name\" content=\"Les Aliments Maple Leaf\" \/>\n<meta property=\"article:published_time\" content=\"2021-10-07T00:02:53+00:00\" \/>\n<meta property=\"article:modified_time\" content=\"2022-09-30T14:44:48+00:00\" \/>\n<meta property=\"og:image\" content=\"https:\/\/www.mapleleaffoods.com\/fr\/wp-content\/uploads\/sites\/7\/2021\/10\/Woman-Looking-Out-of-Window_Square.jpg\" \/>\n\t<meta property=\"og:image:width\" content=\"2222\" \/>\n\t<meta property=\"og:image:height\" content=\"1622\" \/>\n\t<meta property=\"og:image:type\" content=\"image\/jpeg\" \/>\n<meta name=\"author\" content=\"jclaussen\" \/>\n<meta name=\"twitter:card\" content=\"summary_large_image\" \/>\n<meta name=\"twitter:label1\" content=\"\u00c9crit par\" \/>\n\t<meta name=\"twitter:data1\" content=\"jclaussen\" \/>\n\t<meta name=\"twitter:label2\" content=\"Dur\u00e9e de lecture estim\u00e9e\" \/>\n\t<meta name=\"twitter:data2\" content=\"3 minutes\" \/>\n<script type=\"application\/ld+json\" class=\"yoast-schema-graph\">{\"@context\":\"https:\/\/schema.org\",\"@graph\":[{\"@type\":\"Article\",\"@id\":\"https:\/\/www.mapleleaffoods.com\/fr\/articles-de-fond\/agissez-et-parlez-faveur-securite-alimentaire\/#article\",\"isPartOf\":{\"@id\":\"https:\/\/www.mapleleaffoods.com\/fr\/articles-de-fond\/agissez-et-parlez-faveur-securite-alimentaire\/\"},\"author\":{\"name\":\"jclaussen\",\"@id\":\"https:\/\/www.mapleleaffoods.com\/fr\/#\/schema\/person\/ec41dbb99ad6eb87d278885b9abec7e3\"},\"headline\":\"Agissez et parlez en faveur de la s\u00e9curit\u00e9 alimentaire\",\"datePublished\":\"2021-10-07T00:02:53+00:00\",\"dateModified\":\"2022-09-30T14:44:48+00:00\",\"mainEntityOfPage\":{\"@id\":\"https:\/\/www.mapleleaffoods.com\/fr\/articles-de-fond\/agissez-et-parlez-faveur-securite-alimentaire\/\"},\"wordCount\":535,\"commentCount\":0,\"publisher\":{\"@id\":\"https:\/\/www.mapleleaffoods.com\/fr\/#organization\"},\"articleSection\":[\"Article en vedette\",\"Ins\u00e9curit\u00e9 alimentaire\",\"Nos engagements\"],\"inLanguage\":\"fr-FR\",\"potentialAction\":[{\"@type\":\"CommentAction\",\"name\":\"Comment\",\"target\":[\"https:\/\/www.mapleleaffoods.com\/fr\/articles-de-fond\/agissez-et-parlez-faveur-securite-alimentaire\/#respond\"]}]},{\"@type\":\"WebPage\",\"@id\":\"https:\/\/www.mapleleaffoods.com\/fr\/articles-de-fond\/agissez-et-parlez-faveur-securite-alimentaire\/\",\"url\":\"https:\/\/www.mapleleaffoods.com\/fr\/articles-de-fond\/agissez-et-parlez-faveur-securite-alimentaire\/\",\"name\":\"Agissez et parlez en faveur de la s\u00e9curit\u00e9 alimentaire\",\"isPartOf\":{\"@id\":\"https:\/\/www.mapleleaffoods.com\/fr\/#website\"},\"datePublished\":\"2021-10-07T00:02:53+00:00\",\"dateModified\":\"2022-09-30T14:44:48+00:00\",\"description\":\"1 m\u00e9nage canadien sur 8 doit choisir entre les d\u00e9penses essentielles comme le loyer ou le chauffage et nourrir sa famille. Il est temps de parler en faveur...\",\"breadcrumb\":{\"@id\":\"https:\/\/www.mapleleaffoods.com\/fr\/articles-de-fond\/agissez-et-parlez-faveur-securite-alimentaire\/#breadcrumb\"},\"inLanguage\":\"fr-FR\",\"potentialAction\":[{\"@type\":\"ReadAction\",\"target\":[\"https:\/\/www.mapleleaffoods.com\/fr\/articles-de-fond\/agissez-et-parlez-faveur-securite-alimentaire\/\"]}]},{\"@type\":\"BreadcrumbList\",\"@id\":\"https:\/\/www.mapleleaffoods.com\/fr\/articles-de-fond\/agissez-et-parlez-faveur-securite-alimentaire\/#breadcrumb\",\"itemListElement\":[{\"@type\":\"ListItem\",\"position\":1,\"name\":\"Page d\u2019accueil\",\"item\":\"https:\/\/www.mapleleaffoods.com\/fr\/\"},{\"@type\":\"ListItem\",\"position\":2,\"name\":\"Agissez et parlez en faveur de la s\u00e9curit\u00e9 alimentaire\"}]},{\"@type\":\"WebSite\",\"@id\":\"https:\/\/www.mapleleaffoods.com\/fr\/#website\",\"url\":\"https:\/\/www.mapleleaffoods.com\/fr\/\",\"name\":\"Les Aliments Maple Leaf\",\"description\":\"Premi\u00e8re grande entreprise alimentaire carboneutre au monde\",\"publisher\":{\"@id\":\"https:\/\/www.mapleleaffoods.com\/fr\/#organization\"},\"potentialAction\":[{\"@type\":\"SearchAction\",\"target\":{\"@type\":\"EntryPoint\",\"urlTemplate\":\"https:\/\/www.mapleleaffoods.com\/fr\/?s={search_term_string}\"},\"query-input\":\"required name=search_term_string\"}],\"inLanguage\":\"fr-FR\"},{\"@type\":\"Organization\",\"@id\":\"https:\/\/www.mapleleaffoods.com\/fr\/#organization\",\"name\":\"Les Aliments Maple Leaf\",\"url\":\"https:\/\/www.mapleleaffoods.com\/fr\/\",\"logo\":{\"@type\":\"ImageObject\",\"inLanguage\":\"fr-FR\",\"@id\":\"https:\/\/www.mapleleaffoods.com\/fr\/#\/schema\/logo\/image\/\",\"url\":\"https:\/\/www.mapleleaffoods.com\/fr\/wp-content\/uploads\/sites\/7\/2026\/02\/L_MapleLeaf_4C_White_v1_EN.png\",\"contentUrl\":\"https:\/\/www.mapleleaffoods.com\/fr\/wp-content\/uploads\/sites\/7\/2026\/02\/L_MapleLeaf_4C_White_v1_EN.png\",\"width\":1829,\"height\":2200,\"caption\":\"Les Aliments Maple Leaf\"},\"image\":{\"@id\":\"https:\/\/www.mapleleaffoods.com\/fr\/#\/schema\/logo\/image\/\"}},{\"@type\":\"Person\",\"@id\":\"https:\/\/www.mapleleaffoods.com\/fr\/#\/schema\/person\/ec41dbb99ad6eb87d278885b9abec7e3\",\"name\":\"jclaussen\",\"image\":{\"@type\":\"ImageObject\",\"inLanguage\":\"fr-FR\",\"@id\":\"https:\/\/www.mapleleaffoods.com\/fr\/#\/schema\/person\/image\/\",\"url\":\"https:\/\/secure.gravatar.com\/avatar\/08d5158143d6a2857f125fd0a4e45f83?s=96&d=mm&r=g\",\"contentUrl\":\"https:\/\/secure.gravatar.com\/avatar\/08d5158143d6a2857f125fd0a4e45f83?s=96&d=mm&r=g\",\"caption\":\"jclaussen\"}}]}<\/script>\n<!-- \/ Yoast SEO plugin. -->","yoast_head_json":{"title":"Agissez et parlez en faveur de la s\u00e9curit\u00e9 alimentaire","description":"1 m\u00e9nage canadien sur 8 doit choisir entre les d\u00e9penses essentielles comme le loyer ou le chauffage et nourrir sa famille. Il est temps de parler en faveur...","robots":{"index":"index","follow":"follow","max-snippet":"max-snippet:-1","max-image-preview":"max-image-preview:large","max-video-preview":"max-video-preview:-1"},"canonical":"https:\/\/www.mapleleaffoods.com\/fr\/articles-de-fond\/agissez-et-parlez-faveur-securite-alimentaire\/","og_locale":"fr_FR","og_type":"article","og_title":"Agissez et parlez en faveur de la s\u00e9curit\u00e9 alimentaire","og_description":"1 m\u00e9nage canadien sur 8 doit choisir entre les d\u00e9penses essentielles comme le loyer ou le chauffage et nourrir sa famille. Il est temps de parler en faveur...","og_url":"https:\/\/www.mapleleaffoods.com\/fr\/articles-de-fond\/agissez-et-parlez-faveur-securite-alimentaire\/","og_site_name":"Les Aliments Maple Leaf","article_published_time":"2021-10-07T00:02:53+00:00","article_modified_time":"2022-09-30T14:44:48+00:00","og_image":[{"width":2222,"height":1622,"url":"https:\/\/www.mapleleaffoods.com\/fr\/wp-content\/uploads\/sites\/7\/2021\/10\/Woman-Looking-Out-of-Window_Square.jpg","type":"image\/jpeg"}],"author":"jclaussen","twitter_card":"summary_large_image","twitter_misc":{"\u00c9crit par":"jclaussen","Dur\u00e9e de lecture estim\u00e9e":"3 minutes"},"schema":{"@context":"https:\/\/schema.org","@graph":[{"@type":"Article","@id":"https:\/\/www.mapleleaffoods.com\/fr\/articles-de-fond\/agissez-et-parlez-faveur-securite-alimentaire\/#article","isPartOf":{"@id":"https:\/\/www.mapleleaffoods.com\/fr\/articles-de-fond\/agissez-et-parlez-faveur-securite-alimentaire\/"},"author":{"name":"jclaussen","@id":"https:\/\/www.mapleleaffoods.com\/fr\/#\/schema\/person\/ec41dbb99ad6eb87d278885b9abec7e3"},"headline":"Agissez et parlez en faveur de la s\u00e9curit\u00e9 alimentaire","datePublished":"2021-10-07T00:02:53+00:00","dateModified":"2022-09-30T14:44:48+00:00","mainEntityOfPage":{"@id":"https:\/\/www.mapleleaffoods.com\/fr\/articles-de-fond\/agissez-et-parlez-faveur-securite-alimentaire\/"},"wordCount":535,"commentCount":0,"publisher":{"@id":"https:\/\/www.mapleleaffoods.com\/fr\/#organization"},"articleSection":["Article en vedette","Ins\u00e9curit\u00e9 alimentaire","Nos engagements"],"inLanguage":"fr-FR","potentialAction":[{"@type":"CommentAction","name":"Comment","target":["https:\/\/www.mapleleaffoods.com\/fr\/articles-de-fond\/agissez-et-parlez-faveur-securite-alimentaire\/#respond"]}]},{"@type":"WebPage","@id":"https:\/\/www.mapleleaffoods.com\/fr\/articles-de-fond\/agissez-et-parlez-faveur-securite-alimentaire\/","url":"https:\/\/www.mapleleaffoods.com\/fr\/articles-de-fond\/agissez-et-parlez-faveur-securite-alimentaire\/","name":"Agissez et parlez en faveur de la s\u00e9curit\u00e9 alimentaire","isPartOf":{"@id":"https:\/\/www.mapleleaffoods.com\/fr\/#website"},"datePublished":"2021-10-07T00:02:53+00:00","dateModified":"2022-09-30T14:44:48+00:00","description":"1 m\u00e9nage canadien sur 8 doit choisir entre les d\u00e9penses essentielles comme le loyer ou le chauffage et nourrir sa famille. Il est temps de parler en faveur...","breadcrumb":{"@id":"https:\/\/www.mapleleaffoods.com\/fr\/articles-de-fond\/agissez-et-parlez-faveur-securite-alimentaire\/#breadcrumb"},"inLanguage":"fr-FR","potentialAction":[{"@type":"ReadAction","target":["https:\/\/www.mapleleaffoods.com\/fr\/articles-de-fond\/agissez-et-parlez-faveur-securite-alimentaire\/"]}]},{"@type":"BreadcrumbList","@id":"https:\/\/www.mapleleaffoods.com\/fr\/articles-de-fond\/agissez-et-parlez-faveur-securite-alimentaire\/#breadcrumb","itemListElement":[{"@type":"ListItem","position":1,"name":"Page d\u2019accueil","item":"https:\/\/www.mapleleaffoods.com\/fr\/"},{"@type":"ListItem","position":2,"name":"Agissez et parlez en faveur de la s\u00e9curit\u00e9 alimentaire"}]},{"@type":"WebSite","@id":"https:\/\/www.mapleleaffoods.com\/fr\/#website","url":"https:\/\/www.mapleleaffoods.com\/fr\/","name":"Les Aliments Maple Leaf","description":"Premi\u00e8re grande entreprise alimentaire carboneutre au monde","publisher":{"@id":"https:\/\/www.mapleleaffoods.com\/fr\/#organization"},"potentialAction":[{"@type":"SearchAction","target":{"@type":"EntryPoint","urlTemplate":"https:\/\/www.mapleleaffoods.com\/fr\/?s={search_term_string}"},"query-input":"required name=search_term_string"}],"inLanguage":"fr-FR"},{"@type":"Organization","@id":"https:\/\/www.mapleleaffoods.com\/fr\/#organization","name":"Les Aliments Maple Leaf","url":"https:\/\/www.mapleleaffoods.com\/fr\/","logo":{"@type":"ImageObject","inLanguage":"fr-FR","@id":"https:\/\/www.mapleleaffoods.com\/fr\/#\/schema\/logo\/image\/","url":"https:\/\/www.mapleleaffoods.com\/fr\/wp-content\/uploads\/sites\/7\/2026\/02\/L_MapleLeaf_4C_White_v1_EN.png","contentUrl":"https:\/\/www.mapleleaffoods.com\/fr\/wp-content\/uploads\/sites\/7\/2026\/02\/L_MapleLeaf_4C_White_v1_EN.png","width":1829,"height":2200,"caption":"Les Aliments Maple Leaf"},"image":{"@id":"https:\/\/www.mapleleaffoods.com\/fr\/#\/schema\/logo\/image\/"}},{"@type":"Person","@id":"https:\/\/www.mapleleaffoods.com\/fr\/#\/schema\/person\/ec41dbb99ad6eb87d278885b9abec7e3","name":"jclaussen","image":{"@type":"ImageObject","inLanguage":"fr-FR","@id":"https:\/\/www.mapleleaffoods.com\/fr\/#\/schema\/person\/image\/","url":"https:\/\/secure.gravatar.com\/avatar\/08d5158143d6a2857f125fd0a4e45f83?s=96&d=mm&r=g","contentUrl":"https:\/\/secure.gravatar.com\/avatar\/08d5158143d6a2857f125fd0a4e45f83?s=96&d=mm&r=g","caption":"jclaussen"}}]}},"jetpack_featured_media_url":"https:\/\/www.mapleleaffoods.com\/fr\/wp-content\/uploads\/sites\/7\/2021\/10\/Woman-Looking-Out-of-Window_Square.jpg","jetpack_sharing_enabled":true,"_links":{"self":[{"href":"https:\/\/www.mapleleaffoods.com\/fr\/wp-json\/wp\/v2\/posts\/246053"}],"collection":[{"href":"https:\/\/www.mapleleaffoods.com\/fr\/wp-json\/wp\/v2\/posts"}],"about":[{"href":"https:\/\/www.mapleleaffoods.com\/fr\/wp-json\/wp\/v2\/types\/post"}],"author":[{"embeddable":true,"href":"https:\/\/www.mapleleaffoods.com\/fr\/wp-json\/wp\/v2\/users\/18"}],"replies":[{"embeddable":true,"href":"https:\/\/www.mapleleaffoods.com\/fr\/wp-json\/wp\/v2\/comments?post=246053"}],"version-history":[{"count":3,"href":"https:\/\/www.mapleleaffoods.com\/fr\/wp-json\/wp\/v2\/posts\/246053\/revisions"}],"predecessor-version":[{"id":249529,"href":"https:\/\/www.mapleleaffoods.com\/fr\/wp-json\/wp\/v2\/posts\/246053\/revisions\/249529"}],"wp:featuredmedia":[{"embeddable":true,"href":"https:\/\/www.mapleleaffoods.com\/fr\/wp-json\/wp\/v2\/media\/245712"}],"wp:attachment":[{"href":"https:\/\/www.mapleleaffoods.com\/fr\/wp-json\/wp\/v2\/media?parent=246053"}],"wp:term":[{"taxonomy":"category","embeddable":true,"href":"https:\/\/www.mapleleaffoods.com\/fr\/wp-json\/wp\/v2\/categories?post=246053"},{"taxonomy":"post_tag","embeddable":true,"href":"https:\/\/www.mapleleaffoods.com\/fr\/wp-json\/wp\/v2\/tags?post=246053"}],"curies":[{"name":"wp","href":"https:\/\/api.w.org\/{rel}","templated":true}]}}