{"id":246051,"date":"2021-09-17T21:01:10","date_gmt":"2021-09-17T21:01:10","guid":{"rendered":"https:\/\/staging.mapleleaffoods.com\/fr\/2021\/09\/17\/sensibilisation-a-linsecurite-alimentaire-avec-macleans\/"},"modified":"2022-09-30T11:43:30","modified_gmt":"2022-09-30T15:43:30","slug":"sensibilisation-linsecurite-alimentaire-maclean","status":"publish","type":"post","link":"https:\/\/www.mapleleaffoods.com\/fr\/articles-de-fond\/sensibilisation-linsecurite-alimentaire-maclean\/","title":{"rendered":"Sensibilisation \u00e0 l\u2019ins\u00e9curit\u00e9 alimentaire avec Maclean&#8217;s"},"content":{"rendered":"<p>L\u2019ins\u00e9curit\u00e9 alimentaire, reconnue comme \u00e9tant un acc\u00e8s incertain ou inad\u00e9quat aux aliments n\u00e9cessaires \u00e0 une vie saine, est un probl\u00e8me grave et croissant \u00e0 travers le Canada. Plus de 4,4 millions de personnes, soit un m\u00e9nage sur huit et un enfant sur six, sont touch\u00e9s par l\u2019ins\u00e9curit\u00e9 alimentaire.&nbsp;<\/p>\n<p>La question de l\u2019ins\u00e9curit\u00e9 alimentaire a continu\u00e9 \u00e0 s\u2019aggraver depuis que Statistiques Canada a commenc\u00e9 \u00e0 en assurer le suivi il y a pr\u00e8s de 20 ans. Cependant, tr\u00e8s peu de personnes au Canada sont au courant de l\u2019ins\u00e9curit\u00e9 alimentaire et de son incidence sur nos collectivit\u00e9s. Ce manque de prise de conscience ou de compr\u00e9hension freine toute avanc\u00e9e significative vers l\u2019att\u00e9nuation de ce probl\u00e8me.<\/p>\n<h3>Sensibilisation \u00e0 l\u2019ins\u00e9curit\u00e9 alimentaire<\/h3>\n<p>Le Centre d\u2019action de Maple Leaf pour la s\u00e9curit\u00e9 alimentaire s\u2019efforce de sensibiliser \u00e0 l\u2019ins\u00e9curit\u00e9 alimentaire au moyen de ses partenariats avec des organismes qui concentrent leurs activit\u00e9s dans ce secteur et ses campagnes dans les m\u00e9dias sociaux. Vers la fin de 2020, nous avons entrepris des discussions avec notre partenaire, <a href=\"https:\/\/cfccanada.ca\/fr\/Home\" target=\"_blank\" rel=\"noopener\">Centres communautaires d\u2019alimentation du Canada<\/a>, \u00e0 propos de ce que nous pouvons faire de plus afin de mettre en relief cette question et ses r\u00e9percussions r\u00e9elles sur les gens dans l\u2019ensemble du pays. Nous voulions tous les deux susciter davantage d\u2019action afin de favoriser le changement.<\/p>\n<p>Ensemble, nous avons pu former un partenariat novateur avec la revue Maclean's afin qu\u2019elle puisse effectuer des recherches et r\u00e9diger des articles sur la faim et la s\u00e9curit\u00e9 alimentaire au Canada. <a href=\"https:\/\/www.macleans.ca\/society\/why-we-need-to-talk-about-food-insecurity-in-this-election-and-beyond\/\" target=\"_blank\" rel=\"noopener\">Lisez l'annonce de Maclean's<\/a> afin d\u2019en apprendre davantage au sujet de ce partenariat et sur ce que le reporter Nathan Sing a d\u00e9couvert \u00e0 propos de la place qu\u2019occupe l\u2019ins\u00e9curit\u00e9 alimentaire au cours de cette \u00e9lection f\u00e9d\u00e9rale. La surveillance \u00e9ditoriale de ce travail rel\u00e8ve enti\u00e8rement de Maclean\u2019s.<\/p>\n<p>Restez \u00e0 l\u2019aff\u00fbt des articles de Nathan au cours des mois \u00e0 venir sur le site <a href=\"https:\/\/www.macleans.ca\/\" target=\"_blank\" rel=\"noopener\">Maclean's.ca<\/a>.<\/p>\n","protected":false},"excerpt":{"rendered":"<p>Au cours de la prochaine ann\u00e9e, un journaliste de Maclean&#8217;s se concentrera sur l\u2019ins\u00e9curit\u00e9 alimentaire au Canada.<\/p>\n","protected":false},"author":18,"featured_media":245626,"comment_status":"open","ping_status":"open","sticky":false,"template":"","format":"standard","meta":{"mlfcorp_iframe_url":"","footnotes":""},"categories":[55,47,3],"tags":[],"class_list":["post-246051","post","type-post","status-publish","format-standard","has-post-thumbnail","hentry","category-article-en-vedette","category-insecurite-alimentaire","category-nos-engagements"],"acf":[],"yoast_head":"<!-- This site is optimized with the Yoast SEO plugin v21.7 - https:\/\/yoast.com\/wordpress\/plugins\/seo\/ -->\n<title>Sensibilisation \u00e0 l\u2019ins\u00e9curit\u00e9 alimentaire avec Maclean&#039;s<\/title>\n<meta name=\"description\" content=\"La revue Maclean\u2019s a recrut\u00e9 un journaliste qui se concentre sur la s\u00e9curit\u00e9 alimentaire et la faim, avec l\u2019appui du Centre d\u2019action de Maple Leaf pour...\" \/>\n<meta name=\"robots\" content=\"index, follow, max-snippet:-1, max-image-preview:large, max-video-preview:-1\" \/>\n<link rel=\"canonical\" href=\"https:\/\/www.mapleleaffoods.com\/fr\/articles-de-fond\/sensibilisation-linsecurite-alimentaire-maclean\/\" \/>\n<meta property=\"og:locale\" content=\"fr_FR\" \/>\n<meta property=\"og:type\" content=\"article\" \/>\n<meta property=\"og:title\" content=\"Sensibilisation \u00e0 l\u2019ins\u00e9curit\u00e9 alimentaire avec Maclean&#039;s\" \/>\n<meta property=\"og:description\" content=\"La revue Maclean\u2019s a recrut\u00e9 un journaliste qui se concentre sur la s\u00e9curit\u00e9 alimentaire et la faim, avec l\u2019appui du Centre d\u2019action de Maple Leaf pour...\" \/>\n<meta property=\"og:url\" content=\"https:\/\/www.mapleleaffoods.com\/fr\/articles-de-fond\/sensibilisation-linsecurite-alimentaire-maclean\/\" \/>\n<meta property=\"og:site_name\" content=\"Les Aliments Maple Leaf\" \/>\n<meta property=\"article:published_time\" content=\"2021-09-17T21:01:10+00:00\" \/>\n<meta property=\"article:modified_time\" content=\"2022-09-30T15:43:30+00:00\" \/>\n<meta property=\"og:image\" content=\"https:\/\/www.mapleleaffoods.com\/fr\/wp-content\/uploads\/sites\/7\/2021\/09\/Feature-Woman-in-supermarket-wearing-mask.jpg\" \/>\n\t<meta property=\"og:image:width\" content=\"2222\" \/>\n\t<meta property=\"og:image:height\" content=\"1622\" \/>\n\t<meta property=\"og:image:type\" content=\"image\/jpeg\" \/>\n<meta name=\"author\" content=\"jclaussen\" \/>\n<meta name=\"twitter:card\" content=\"summary_large_image\" \/>\n<meta name=\"twitter:label1\" content=\"\u00c9crit par\" \/>\n\t<meta name=\"twitter:data1\" content=\"jclaussen\" \/>\n\t<meta name=\"twitter:label2\" content=\"Dur\u00e9e de lecture estim\u00e9e\" \/>\n\t<meta name=\"twitter:data2\" content=\"2 minutes\" \/>\n<script type=\"application\/ld+json\" class=\"yoast-schema-graph\">{\"@context\":\"https:\/\/schema.org\",\"@graph\":[{\"@type\":\"Article\",\"@id\":\"https:\/\/www.mapleleaffoods.com\/fr\/articles-de-fond\/sensibilisation-linsecurite-alimentaire-maclean\/#article\",\"isPartOf\":{\"@id\":\"https:\/\/www.mapleleaffoods.com\/fr\/articles-de-fond\/sensibilisation-linsecurite-alimentaire-maclean\/\"},\"author\":{\"name\":\"jclaussen\",\"@id\":\"https:\/\/www.mapleleaffoods.com\/fr\/#\/schema\/person\/ec41dbb99ad6eb87d278885b9abec7e3\"},\"headline\":\"Sensibilisation \u00e0 l\u2019ins\u00e9curit\u00e9 alimentaire avec Maclean&#8217;s\",\"datePublished\":\"2021-09-17T21:01:10+00:00\",\"dateModified\":\"2022-09-30T15:43:30+00:00\",\"mainEntityOfPage\":{\"@id\":\"https:\/\/www.mapleleaffoods.com\/fr\/articles-de-fond\/sensibilisation-linsecurite-alimentaire-maclean\/\"},\"wordCount\":357,\"commentCount\":0,\"publisher\":{\"@id\":\"https:\/\/www.mapleleaffoods.com\/fr\/#organization\"},\"articleSection\":[\"Article en vedette\",\"Ins\u00e9curit\u00e9 alimentaire\",\"Nos engagements\"],\"inLanguage\":\"fr-FR\",\"potentialAction\":[{\"@type\":\"CommentAction\",\"name\":\"Comment\",\"target\":[\"https:\/\/www.mapleleaffoods.com\/fr\/articles-de-fond\/sensibilisation-linsecurite-alimentaire-maclean\/#respond\"]}]},{\"@type\":\"WebPage\",\"@id\":\"https:\/\/www.mapleleaffoods.com\/fr\/articles-de-fond\/sensibilisation-linsecurite-alimentaire-maclean\/\",\"url\":\"https:\/\/www.mapleleaffoods.com\/fr\/articles-de-fond\/sensibilisation-linsecurite-alimentaire-maclean\/\",\"name\":\"Sensibilisation \u00e0 l\u2019ins\u00e9curit\u00e9 alimentaire avec Maclean's\",\"isPartOf\":{\"@id\":\"https:\/\/www.mapleleaffoods.com\/fr\/#website\"},\"datePublished\":\"2021-09-17T21:01:10+00:00\",\"dateModified\":\"2022-09-30T15:43:30+00:00\",\"description\":\"La revue Maclean\u2019s a recrut\u00e9 un journaliste qui se concentre sur la s\u00e9curit\u00e9 alimentaire et la faim, avec l\u2019appui du Centre d\u2019action de Maple Leaf pour...\",\"breadcrumb\":{\"@id\":\"https:\/\/www.mapleleaffoods.com\/fr\/articles-de-fond\/sensibilisation-linsecurite-alimentaire-maclean\/#breadcrumb\"},\"inLanguage\":\"fr-FR\",\"potentialAction\":[{\"@type\":\"ReadAction\",\"target\":[\"https:\/\/www.mapleleaffoods.com\/fr\/articles-de-fond\/sensibilisation-linsecurite-alimentaire-maclean\/\"]}]},{\"@type\":\"BreadcrumbList\",\"@id\":\"https:\/\/www.mapleleaffoods.com\/fr\/articles-de-fond\/sensibilisation-linsecurite-alimentaire-maclean\/#breadcrumb\",\"itemListElement\":[{\"@type\":\"ListItem\",\"position\":1,\"name\":\"Page d\u2019accueil\",\"item\":\"https:\/\/www.mapleleaffoods.com\/fr\/\"},{\"@type\":\"ListItem\",\"position\":2,\"name\":\"Sensibilisation \u00e0 l\u2019ins\u00e9curit\u00e9 alimentaire avec Maclean&rsquo;s\"}]},{\"@type\":\"WebSite\",\"@id\":\"https:\/\/www.mapleleaffoods.com\/fr\/#website\",\"url\":\"https:\/\/www.mapleleaffoods.com\/fr\/\",\"name\":\"Les Aliments Maple Leaf\",\"description\":\"Premi\u00e8re grande entreprise alimentaire carboneutre au monde\",\"publisher\":{\"@id\":\"https:\/\/www.mapleleaffoods.com\/fr\/#organization\"},\"potentialAction\":[{\"@type\":\"SearchAction\",\"target\":{\"@type\":\"EntryPoint\",\"urlTemplate\":\"https:\/\/www.mapleleaffoods.com\/fr\/?s={search_term_string}\"},\"query-input\":\"required name=search_term_string\"}],\"inLanguage\":\"fr-FR\"},{\"@type\":\"Organization\",\"@id\":\"https:\/\/www.mapleleaffoods.com\/fr\/#organization\",\"name\":\"Les Aliments Maple Leaf\",\"url\":\"https:\/\/www.mapleleaffoods.com\/fr\/\",\"logo\":{\"@type\":\"ImageObject\",\"inLanguage\":\"fr-FR\",\"@id\":\"https:\/\/www.mapleleaffoods.com\/fr\/#\/schema\/logo\/image\/\",\"url\":\"https:\/\/www.mapleleaffoods.com\/fr\/wp-content\/uploads\/sites\/7\/2026\/02\/L_MapleLeaf_4C_White_v1_EN.png\",\"contentUrl\":\"https:\/\/www.mapleleaffoods.com\/fr\/wp-content\/uploads\/sites\/7\/2026\/02\/L_MapleLeaf_4C_White_v1_EN.png\",\"width\":1829,\"height\":2200,\"caption\":\"Les Aliments Maple Leaf\"},\"image\":{\"@id\":\"https:\/\/www.mapleleaffoods.com\/fr\/#\/schema\/logo\/image\/\"}},{\"@type\":\"Person\",\"@id\":\"https:\/\/www.mapleleaffoods.com\/fr\/#\/schema\/person\/ec41dbb99ad6eb87d278885b9abec7e3\",\"name\":\"jclaussen\",\"image\":{\"@type\":\"ImageObject\",\"inLanguage\":\"fr-FR\",\"@id\":\"https:\/\/www.mapleleaffoods.com\/fr\/#\/schema\/person\/image\/\",\"url\":\"https:\/\/secure.gravatar.com\/avatar\/08d5158143d6a2857f125fd0a4e45f83?s=96&d=mm&r=g\",\"contentUrl\":\"https:\/\/secure.gravatar.com\/avatar\/08d5158143d6a2857f125fd0a4e45f83?s=96&d=mm&r=g\",\"caption\":\"jclaussen\"}}]}<\/script>\n<!-- \/ Yoast SEO plugin. -->","yoast_head_json":{"title":"Sensibilisation \u00e0 l\u2019ins\u00e9curit\u00e9 alimentaire avec Maclean's","description":"La revue Maclean\u2019s a recrut\u00e9 un journaliste qui se concentre sur la s\u00e9curit\u00e9 alimentaire et la faim, avec l\u2019appui du Centre d\u2019action de Maple Leaf pour...","robots":{"index":"index","follow":"follow","max-snippet":"max-snippet:-1","max-image-preview":"max-image-preview:large","max-video-preview":"max-video-preview:-1"},"canonical":"https:\/\/www.mapleleaffoods.com\/fr\/articles-de-fond\/sensibilisation-linsecurite-alimentaire-maclean\/","og_locale":"fr_FR","og_type":"article","og_title":"Sensibilisation \u00e0 l\u2019ins\u00e9curit\u00e9 alimentaire avec Maclean's","og_description":"La revue Maclean\u2019s a recrut\u00e9 un journaliste qui se concentre sur la s\u00e9curit\u00e9 alimentaire et la faim, avec l\u2019appui du Centre d\u2019action de Maple Leaf pour...","og_url":"https:\/\/www.mapleleaffoods.com\/fr\/articles-de-fond\/sensibilisation-linsecurite-alimentaire-maclean\/","og_site_name":"Les Aliments Maple Leaf","article_published_time":"2021-09-17T21:01:10+00:00","article_modified_time":"2022-09-30T15:43:30+00:00","og_image":[{"width":2222,"height":1622,"url":"https:\/\/www.mapleleaffoods.com\/fr\/wp-content\/uploads\/sites\/7\/2021\/09\/Feature-Woman-in-supermarket-wearing-mask.jpg","type":"image\/jpeg"}],"author":"jclaussen","twitter_card":"summary_large_image","twitter_misc":{"\u00c9crit par":"jclaussen","Dur\u00e9e de lecture estim\u00e9e":"2 minutes"},"schema":{"@context":"https:\/\/schema.org","@graph":[{"@type":"Article","@id":"https:\/\/www.mapleleaffoods.com\/fr\/articles-de-fond\/sensibilisation-linsecurite-alimentaire-maclean\/#article","isPartOf":{"@id":"https:\/\/www.mapleleaffoods.com\/fr\/articles-de-fond\/sensibilisation-linsecurite-alimentaire-maclean\/"},"author":{"name":"jclaussen","@id":"https:\/\/www.mapleleaffoods.com\/fr\/#\/schema\/person\/ec41dbb99ad6eb87d278885b9abec7e3"},"headline":"Sensibilisation \u00e0 l\u2019ins\u00e9curit\u00e9 alimentaire avec Maclean&#8217;s","datePublished":"2021-09-17T21:01:10+00:00","dateModified":"2022-09-30T15:43:30+00:00","mainEntityOfPage":{"@id":"https:\/\/www.mapleleaffoods.com\/fr\/articles-de-fond\/sensibilisation-linsecurite-alimentaire-maclean\/"},"wordCount":357,"commentCount":0,"publisher":{"@id":"https:\/\/www.mapleleaffoods.com\/fr\/#organization"},"articleSection":["Article en vedette","Ins\u00e9curit\u00e9 alimentaire","Nos engagements"],"inLanguage":"fr-FR","potentialAction":[{"@type":"CommentAction","name":"Comment","target":["https:\/\/www.mapleleaffoods.com\/fr\/articles-de-fond\/sensibilisation-linsecurite-alimentaire-maclean\/#respond"]}]},{"@type":"WebPage","@id":"https:\/\/www.mapleleaffoods.com\/fr\/articles-de-fond\/sensibilisation-linsecurite-alimentaire-maclean\/","url":"https:\/\/www.mapleleaffoods.com\/fr\/articles-de-fond\/sensibilisation-linsecurite-alimentaire-maclean\/","name":"Sensibilisation \u00e0 l\u2019ins\u00e9curit\u00e9 alimentaire avec Maclean's","isPartOf":{"@id":"https:\/\/www.mapleleaffoods.com\/fr\/#website"},"datePublished":"2021-09-17T21:01:10+00:00","dateModified":"2022-09-30T15:43:30+00:00","description":"La revue Maclean\u2019s a recrut\u00e9 un journaliste qui se concentre sur la s\u00e9curit\u00e9 alimentaire et la faim, avec l\u2019appui du Centre d\u2019action de Maple Leaf pour...","breadcrumb":{"@id":"https:\/\/www.mapleleaffoods.com\/fr\/articles-de-fond\/sensibilisation-linsecurite-alimentaire-maclean\/#breadcrumb"},"inLanguage":"fr-FR","potentialAction":[{"@type":"ReadAction","target":["https:\/\/www.mapleleaffoods.com\/fr\/articles-de-fond\/sensibilisation-linsecurite-alimentaire-maclean\/"]}]},{"@type":"BreadcrumbList","@id":"https:\/\/www.mapleleaffoods.com\/fr\/articles-de-fond\/sensibilisation-linsecurite-alimentaire-maclean\/#breadcrumb","itemListElement":[{"@type":"ListItem","position":1,"name":"Page d\u2019accueil","item":"https:\/\/www.mapleleaffoods.com\/fr\/"},{"@type":"ListItem","position":2,"name":"Sensibilisation \u00e0 l\u2019ins\u00e9curit\u00e9 alimentaire avec Maclean&rsquo;s"}]},{"@type":"WebSite","@id":"https:\/\/www.mapleleaffoods.com\/fr\/#website","url":"https:\/\/www.mapleleaffoods.com\/fr\/","name":"Les Aliments Maple Leaf","description":"Premi\u00e8re grande entreprise alimentaire carboneutre au monde","publisher":{"@id":"https:\/\/www.mapleleaffoods.com\/fr\/#organization"},"potentialAction":[{"@type":"SearchAction","target":{"@type":"EntryPoint","urlTemplate":"https:\/\/www.mapleleaffoods.com\/fr\/?s={search_term_string}"},"query-input":"required name=search_term_string"}],"inLanguage":"fr-FR"},{"@type":"Organization","@id":"https:\/\/www.mapleleaffoods.com\/fr\/#organization","name":"Les Aliments Maple Leaf","url":"https:\/\/www.mapleleaffoods.com\/fr\/","logo":{"@type":"ImageObject","inLanguage":"fr-FR","@id":"https:\/\/www.mapleleaffoods.com\/fr\/#\/schema\/logo\/image\/","url":"https:\/\/www.mapleleaffoods.com\/fr\/wp-content\/uploads\/sites\/7\/2026\/02\/L_MapleLeaf_4C_White_v1_EN.png","contentUrl":"https:\/\/www.mapleleaffoods.com\/fr\/wp-content\/uploads\/sites\/7\/2026\/02\/L_MapleLeaf_4C_White_v1_EN.png","width":1829,"height":2200,"caption":"Les Aliments Maple Leaf"},"image":{"@id":"https:\/\/www.mapleleaffoods.com\/fr\/#\/schema\/logo\/image\/"}},{"@type":"Person","@id":"https:\/\/www.mapleleaffoods.com\/fr\/#\/schema\/person\/ec41dbb99ad6eb87d278885b9abec7e3","name":"jclaussen","image":{"@type":"ImageObject","inLanguage":"fr-FR","@id":"https:\/\/www.mapleleaffoods.com\/fr\/#\/schema\/person\/image\/","url":"https:\/\/secure.gravatar.com\/avatar\/08d5158143d6a2857f125fd0a4e45f83?s=96&d=mm&r=g","contentUrl":"https:\/\/secure.gravatar.com\/avatar\/08d5158143d6a2857f125fd0a4e45f83?s=96&d=mm&r=g","caption":"jclaussen"}}]}},"jetpack_featured_media_url":"https:\/\/www.mapleleaffoods.com\/fr\/wp-content\/uploads\/sites\/7\/2021\/09\/Feature-Woman-in-supermarket-wearing-mask.jpg","jetpack_sharing_enabled":true,"_links":{"self":[{"href":"https:\/\/www.mapleleaffoods.com\/fr\/wp-json\/wp\/v2\/posts\/246051"}],"collection":[{"href":"https:\/\/www.mapleleaffoods.com\/fr\/wp-json\/wp\/v2\/posts"}],"about":[{"href":"https:\/\/www.mapleleaffoods.com\/fr\/wp-json\/wp\/v2\/types\/post"}],"author":[{"embeddable":true,"href":"https:\/\/www.mapleleaffoods.com\/fr\/wp-json\/wp\/v2\/users\/18"}],"replies":[{"embeddable":true,"href":"https:\/\/www.mapleleaffoods.com\/fr\/wp-json\/wp\/v2\/comments?post=246051"}],"version-history":[{"count":2,"href":"https:\/\/www.mapleleaffoods.com\/fr\/wp-json\/wp\/v2\/posts\/246051\/revisions"}],"predecessor-version":[{"id":249533,"href":"https:\/\/www.mapleleaffoods.com\/fr\/wp-json\/wp\/v2\/posts\/246051\/revisions\/249533"}],"wp:featuredmedia":[{"embeddable":true,"href":"https:\/\/www.mapleleaffoods.com\/fr\/wp-json\/wp\/v2\/media\/245626"}],"wp:attachment":[{"href":"https:\/\/www.mapleleaffoods.com\/fr\/wp-json\/wp\/v2\/media?parent=246051"}],"wp:term":[{"taxonomy":"category","embeddable":true,"href":"https:\/\/www.mapleleaffoods.com\/fr\/wp-json\/wp\/v2\/categories?post=246051"},{"taxonomy":"post_tag","embeddable":true,"href":"https:\/\/www.mapleleaffoods.com\/fr\/wp-json\/wp\/v2\/tags?post=246051"}],"curies":[{"name":"wp","href":"https:\/\/api.w.org\/{rel}","templated":true}]}}