{"id":246013,"date":"2019-09-27T15:53:15","date_gmt":"2019-09-27T15:53:15","guid":{"rendered":"https:\/\/staging.mapleleaffoods.com\/fr\/2019\/09\/27\/sur-le-terrain-au-sommet-action-climat-des-nations-unies\/"},"modified":"2025-02-11T16:27:54","modified_gmt":"2025-02-11T21:27:54","slug":"sur-le-terrain-au-sommet-action-climat","status":"publish","type":"post","link":"https:\/\/www.mapleleaffoods.com\/fr\/articles-de-fond\/sur-le-terrain-au-sommet-action-climat\/","title":{"rendered":"Sur le terrain au Sommet Action Climat des Nations Unies"},"content":{"rendered":"<p>En 2015, l\u2019Organisation des Nations Unies a collabor\u00e9 avec des leaders de partout au monde afin d\u2019\u00e9laborer <a href=\"https:\/\/sdgs.un.org\/fr\/goals\" target=\"_blank\" rel=\"noopener noreferrer\">17 objectifs de d\u00e9veloppement durable<\/a> (ODD) qui doivent \u00eatre mis en \u0153uvre d\u2019ici 2030. Ces objectifs repr\u00e9sentent un plan d\u2019action global qui favorisera la prosp\u00e9rit\u00e9 \u00e9conomique et le bien-\u00eatre collectif tout en prot\u00e9geant l\u2019environnement.<\/p>\n<p>Du 23 au 27 septembre 2019, des dirigeants du monde se sont r\u00e9unis \u00e0 l\u2019Assembl\u00e9e g\u00e9n\u00e9rale de l\u2019ONU \u00e0 New York au <a href=\"https:\/\/fr.weforum.org\/events\/sustainable-development-impact-summit-2019\" target=\"_blank\" rel=\"noopener noreferrer\">Sommet des Nations Unies sur le d\u00e9veloppement durable<\/a> afin d\u2019examiner les progr\u00e8s et d\u2019identifier des mesures qui permettront d\u2019acc\u00e9l\u00e9rer la mise en \u0153uvre du programme de 2030 sur le d\u00e9veloppement durable et ses 17 objectifs de d\u00e9veloppement durable.<\/p>\n<p><img decoding=\"async\" class=\"size-full wp-image-238747 alignleft\" src=\"\/wp-content\/uploads\/2019\/09\/UN-Climate-Action-Summit-UN-Headquarters.jpg\" alt=\"UN Climate Action Summit at the UN Headquarters\" width=\"766\" height=\"800\" srcset=\"https:\/\/b3412141.smushcdn.com\/3412141\/wp-content\/uploads\/sites\/7\/2019\/09\/UN-Climate-Action-Summit-UN-Headquarters.jpg?lossy=1&amp;strip=1&amp;webp=1 766w, https:\/\/b3412141.smushcdn.com\/3412141\/wp-content\/uploads\/sites\/7\/2019\/09\/UN-Climate-Action-Summit-UN-Headquarters-287x300.jpg?lossy=1&amp;strip=1&amp;webp=1 287w\" sizes=\"(max-width: 766px) 100vw, 766px\" \/>Le Sommet sur le d\u00e9veloppement durable a r\u00e9uni des dirigeants des gouvernements, du secteur priv\u00e9, de la soci\u00e9t\u00e9 civile et d\u2019organismes internationaux afin de veiller \u00e0 ce que l\u2019\u00e9ch\u00e9ance fix\u00e9e \u00e0 2030 soit respect\u00e9e.<\/p>\n<p>Les Aliments Maple Leaf faisait partie des entreprises du secteur priv\u00e9 qui ont assist\u00e9 \u00e0 ce sommet; elle y fut repr\u00e9sent\u00e9e par Randy Huffman, chef de la durabilit\u00e9 et Tim Faveri, vice\u2011pr\u00e9sident de la durabilit\u00e9.<\/p>\n<p>De nombreux objectifs de d\u00e9veloppement durable de l\u2019ONU s\u2019alignent au mandat et \u00e0 la vision des Aliments Maple Leaf, notamment\u00a0:<\/p>\n<ul>\n<li>Objectif 2\u00a0: \u00c9liminer la faim, assurer la s\u00e9curit\u00e9 alimentaire, am\u00e9liorer la nutrition et promouvoir l\u2019agriculture durable<\/li>\n<li>Objectif 5\u00a0: Parvenir \u00e0 l\u2019\u00e9galit\u00e9 des sexes en autonomisant les femmes et les filles<\/li>\n<li>Objectif 12\u00a0: \u00c9tablir des modes de consommation et de production durables<\/li>\n<li>Objectif 13\u00a0: Prendre d\u2019urgence des mesures pour lutter contre les changements climatiques et leurs r\u00e9percussions<\/li>\n<\/ul>\n<p>Les Aliments Maple Leaf s\u2019est engag\u00e9e \u00e0 r\u00e9aliser sa vision d\u2019\u00eatre l\u2019entreprise de produits de prot\u00e9ines la plus durable sur terre et appuyer la mission de l\u2019ONU d\u2019assurer un meilleur avenir.<\/p>\n<p>Tim Faveri a document\u00e9 certaines de ses exp\u00e9riences au sommet afin de vous donner un aper\u00e7u de cet \u00e9v\u00e9nement historique.<\/p>\n<p><strong>Le dimanche 22 septembre 2019 \u2013 Arriv\u00e9e<\/strong><\/p>\n<p>\u00c0 mon arriv\u00e9e \u00e0 New York, je me suis rendu \u00e0 une importante rencontre nomm\u00e9e \u00ab\u00a0<em>Securing our Future: People, Food and Nature Solving the Planetary Emergency<\/em>\u00a0\u00bb (cela signifie\u00a0: \u00ab\u00a0Assurer notre avenir\u00a0: les gens, les aliments et la nature r\u00e9solvent l\u2019urgence plan\u00e9taire). L\u2019\u00e9v\u00e9nement \u00e9tait pr\u00e9sent\u00e9 conjointement par le R\u00e9seau de solutions de d\u00e9veloppement durable, la Coalition pour l\u2019alimentation et l\u2019utilisation des terres et le Forum \u00e9conomique mondial qui ont fait part d\u2019un nouveau cadre qui identifie les occasions de transformer les syst\u00e8mes d\u2019alimentation et d\u2019utilisation des terres en \u00e9cosyst\u00e8mes plus r\u00e9silients. J\u2019\u00e9tais enchant\u00e9 d\u2019apprendre que Harrison Ford allait prendre la parole parce qu\u2019il si\u00e8ge au Conseil de conservation de la nature. Ils ont servi des boulettes de simili-viande de marque \u00ab\u00a0Impossible\u00a0\u00bb. Dommage que nos produits <em>Lightlife<\/em> ou <em>Field Roast<\/em> ne s\u2019y trouvaient pas!<\/p>\n<p><img decoding=\"async\" class=\"size-full wp-image-238745 alignright\" src=\"\/wp-content\/uploads\/2019\/09\/UN-Climate-Action-Summit-Securing-Our-Future.jpg\" alt=\"UN Climate Action Summit at a conference titled &quot;Securing Our Future&quot;\" width=\"766\" height=\"388\" srcset=\"https:\/\/b3412141.smushcdn.com\/3412141\/wp-content\/uploads\/sites\/7\/2019\/09\/UN-Climate-Action-Summit-Securing-Our-Future.jpg?lossy=1&amp;strip=1&amp;webp=1 766w, https:\/\/b3412141.smushcdn.com\/3412141\/wp-content\/uploads\/sites\/7\/2019\/09\/UN-Climate-Action-Summit-Securing-Our-Future-300x152.jpg?lossy=1&amp;strip=1&amp;webp=1 300w\" sizes=\"(max-width: 766px) 100vw, 766px\" \/>Leur cadre est pertinent pour les Aliments Maple Leaf car il refl\u00e8te nos propres objectifs. Nous mettons d\u00e9j\u00e0 l\u2019accent sur la production d\u2019aliments plus nutritifs, l\u2019agriculture r\u00e9g\u00e9n\u00e9ratrice, \u00a0la diversification de notre approvisionnement de prot\u00e9ines et la r\u00e9duction de notre gaspillage d\u2019aliments et ce ne sont que quelques-uns de nos nombreux objectifs!<\/p>\n<p>Je retourne \u00e0 l\u2019h\u00f4tel en vue d\u2019une bonne nuit de sommeil, \u00e9tant donn\u00e9 que j\u2019ai bien h\u00e2te d\u2019entreprendre officiellement le Sommet sur le d\u00e9veloppement durable le lendemain matin!<\/p>\n<p><strong>Le lundi 23 septembre 2019<\/strong> <strong>\u2013 Jour 1<\/strong><\/p>\n<p>La ville \u00e9tait anim\u00e9e par l\u2019enthousiasme lorsque nous avons d\u00e9but\u00e9 le Sommet des Nations Unies sur le d\u00e9veloppement durable. Aujourd\u2019hui, Greta Thunberg a pris la parole \u00e0 l\u2019Assembl\u00e9e g\u00e9n\u00e9rale de l\u2019ONU, mais je n\u2019ai malheureusement pas pu y assister. Seuls les d\u00e9l\u00e9gu\u00e9s de l\u2019ONU ont la permission d\u2019entrer \u00e0 l\u2019Assembl\u00e9 g\u00e9n\u00e9rale, donc j\u2019ai d\u00fb attendre \u00e0 plus tard pour entendre son discours, lorsqu\u2019il a \u00e9t\u00e9 publi\u00e9 en ligne.<\/p>\n<p><img decoding=\"async\" class=\"size-full wp-image-238743 alignleft\" src=\"\/wp-content\/uploads\/2019\/09\/UN-Climate-Action-Summit-Nature-Now.jpg\" alt=\"UN Climate Action Summit - Nature Now Discussion\" width=\"766\" height=\"388\" srcset=\"https:\/\/b3412141.smushcdn.com\/3412141\/wp-content\/uploads\/sites\/7\/2019\/09\/UN-Climate-Action-Summit-Nature-Now.jpg?lossy=1&amp;strip=1&amp;webp=1 766w, https:\/\/b3412141.smushcdn.com\/3412141\/wp-content\/uploads\/sites\/7\/2019\/09\/UN-Climate-Action-Summit-Nature-Now-300x152.jpg?lossy=1&amp;strip=1&amp;webp=1 300w\" sizes=\"(max-width: 766px) 100vw, 766px\" \/>Aujourd\u2019hui, j\u2019ai assist\u00e9 \u00e0 des sessions et des \u00e9v\u00e9nements sur la transformation des aliments au moyen de \u00ab\u00a0solutions ax\u00e9es sur la nature\u00a0\u00bb. Il y a beaucoup d\u2019ONG (organisations non gouvernementales) de conservation de la nature qui appuient ce mouvement, telles que <em>Conservation International<\/em>, <em>Youth4Nature<\/em>, <em>Nature Conservancy<\/em> et notre partenaire, WWF. Il s\u2019agissait d\u2019une session plus intime avec la formation de groupes de discussion plus petits qui pouvaient devenir plus techniques et sp\u00e9cifiques.<\/p>\n<p>Il y avait ensuite une session organis\u00e9e par l\u2019organisation de recherche CCAFS - <em>\u00a0<\/em>(cela signifie\u00a0: Changements climatiques, agriculture et s\u00e9curit\u00e9 alimentaire). Cette session a mis l\u2019accent sur des solutions \u00e9volutives qui abordent \u00e0 l\u2019unisson le climat et la s\u00e9curit\u00e9 alimentaire. Ceci cadre parfaitement avec notre programme de gestion du carbone et le Centre d\u2019action de <a href=\"https:\/\/www.feedopportunity.com\/\" target=\"_blank\" rel=\"noopener noreferrer\">Maple Leaf pour la s\u00e9curit\u00e9 alimentaire<\/a>!<\/p>\n<p><strong>Le mardi 24 septembre 2019 \u2013 Jour 2<\/strong><\/p>\n<p>Cette journ\u00e9e a d\u00e9marr\u00e9 avec une grande annonce du d\u00e9tail portant sur 10x20x30\u00a0: 10 des plus importants d\u00e9taillants (dont nombre d\u2019entre eux sont actuellement des clients des Aliments Maple Leaf) se sont engag\u00e9s \u00e0 obtenir la participation de 20 de leurs fournisseurs d\u2019aliments prioritaires \u00e0 agir et r\u00e9duire le gaspillage de la nourriture de 20 pour cent d\u2019ici 2030. Nous avons une longueur d\u2019avance avec \u00a0notre r\u00e9duction de gaspillage d\u2019aliments de 50 pour cent d\u2019ici 2025; bravo, Aliments Maple Leaf!<\/p>\n<p><img decoding=\"async\" class=\"size-full wp-image-238741 alignright\" src=\"\/wp-content\/uploads\/2019\/09\/UN-Climate-Action-Summit-Champions123.jpg\" alt=\"UN Climate Action Summit - Champions 12.3 banner\" width=\"766\" height=\"800\" srcset=\"https:\/\/b3412141.smushcdn.com\/3412141\/wp-content\/uploads\/sites\/7\/2019\/09\/UN-Climate-Action-Summit-Champions123.jpg?lossy=1&amp;strip=1&amp;webp=1 766w, https:\/\/b3412141.smushcdn.com\/3412141\/wp-content\/uploads\/sites\/7\/2019\/09\/UN-Climate-Action-Summit-Champions123-287x300.jpg?lossy=1&amp;strip=1&amp;webp=1 287w\" sizes=\"(max-width: 766px) 100vw, 766px\" \/>J\u2019ai assist\u00e9 au rapport sur le progr\u00e8s de 2019 sur les objectifs de d\u00e9veloppement durable 12.3 sur la perte et le gaspillage des aliments. J\u2019ai constat\u00e9 que dans l\u2019ensemble, le progr\u00e8s est plus lent que je ne le voudrais, particuli\u00e8rement avec le manque d\u2019objectifs \u00e9tablis par des gouvernements nationaux. Le Canada doit intensifier ses efforts! Je suis fier de l\u2019engagement des Aliments Maple Leaf en mati\u00e8re de r\u00e9duction du gaspillage alimentaire, mais nous faisons malheureusement partie d\u2019une minorit\u00e9.<\/p>\n<p>Plus tard, j\u2019ai rencontr\u00e9 des membres de <a href=\"https:\/\/www.cdp.net\/en\" target=\"_blank\" rel=\"noopener noreferrer\"><em>CDP North America<\/em><\/a>, une organisation qui repr\u00e9sente des investisseurs et g\u00e8re une plateforme de pr\u00e9sentation de rapports sur l\u2019\u00e9mission de gaz \u00e0 effets de serre des entreprises. Je les ai rencontr\u00e9s \u00e0 leur bureau de la ville de New York afin de discuter sur l\u2019ajout de notre cha\u00eene d\u2019approvisionnement \u00e0 notre \u00e9mission de gaz \u00e0 effets de serre de type 3 (cha\u00eene d\u2019approvisionnement). Il s\u2019agit d\u2019une chose nouvelle sur le radar des Aliments Maple Leaf et nous \u00e9laborons un plan pour faire le suivi et mesurer les \u00e9missions de notre cha\u00eene d\u2019approvisionnement.<\/p>\n<p>Enfin, j\u2019ai assist\u00e9 \u00e0 une session en d\u00e9but de soir\u00e9e pr\u00e9sent\u00e9e par <a href=\"https:\/\/globescan.com\/\" target=\"_blank\" rel=\"noopener noreferrer\">Globescan<\/a> qui portait sur les \u00e9tudes de consommation de pointe sur la sant\u00e9 et la durabilit\u00e9. Ils utilisent les perceptions et les comportements des consommateurs envers les marques afin de faire augmenter les impacts positifs sur les probl\u00e8mes de sant\u00e9 et de l\u2019environnement. Le groupe d\u2019experts \u00e9tait compos\u00e9 de repr\u00e9sentants de WEF, VISA, PepsiCo, Ikea et Anheuser-Busch InBev. Il va sans dire qu\u2019il s\u2019agissait effectivement d\u2019une session \u00e9clair\u00e9e.<\/p>\n<p>Alors que le monde s\u2019unit pour trouver des moyens de combattre les changements climatiques, je suis fier d\u2019avoir repr\u00e9sent\u00e9 les Aliments Maple Leaf au sommet et d\u2019avoir rencontr\u00e9 d\u2019autres dirigeants qui cheminent sur leur propre parcours de d\u00e9veloppement durable. Nous avons une longueur d\u2019avance si nous nous comparons \u00e0 d\u2019autres entreprises, mais je crois tout de m\u00eame que nous avons une longue route devant nous. Devenir l\u2019entreprise de produits de prot\u00e9ines la plus durable sur terre comporte ses propres d\u00e9fis, mais c\u2019est avec enthousiasme que je continue \u00e0 stimuler le changement au sein de notre industrie et \u00e0 Rehausser le m\u00e9rite des aliments.<\/p>\n","protected":false},"excerpt":{"rendered":"<p>Tim Faveri et Randy Huffman repr\u00e9sentent les Aliments Maple Leaf au sommet.<\/p>\n","protected":false},"author":18,"featured_media":238734,"comment_status":"open","ping_status":"open","sticky":false,"template":"","format":"standard","meta":{"mlfcorp_iframe_url":"","footnotes":""},"categories":[3],"tags":[],"class_list":["post-246013","post","type-post","status-publish","format-standard","has-post-thumbnail","hentry","category-nos-engagements"],"acf":[],"yoast_head":"<!-- This site is optimized with the Yoast SEO plugin v21.7 - https:\/\/yoast.com\/wordpress\/plugins\/seo\/ -->\n<title>Sur le terrain au Sommet Action Climat des Nations Unies | Actualit\u00e9s<\/title>\n<meta name=\"description\" content=\"Randy Huffman, chef de la durabilit\u00e9 et Tim Faveri, vice-pr\u00e9sident de la durabilit\u00e9, ont repr\u00e9sent\u00e9 les Aliments Maple Leaf au Sommet...\" \/>\n<meta name=\"robots\" content=\"index, follow, max-snippet:-1, max-image-preview:large, max-video-preview:-1\" \/>\n<link rel=\"canonical\" href=\"https:\/\/www.mapleleaffoods.com\/fr\/articles-de-fond\/sur-le-terrain-au-sommet-action-climat\/\" \/>\n<meta property=\"og:locale\" content=\"fr_FR\" \/>\n<meta property=\"og:type\" content=\"article\" \/>\n<meta property=\"og:title\" content=\"Sur le terrain au Sommet Action Climat des Nations Unies | Actualit\u00e9s\" \/>\n<meta property=\"og:description\" content=\"Randy Huffman, chef de la durabilit\u00e9 et Tim Faveri, vice-pr\u00e9sident de la durabilit\u00e9, ont repr\u00e9sent\u00e9 les Aliments Maple Leaf au Sommet...\" \/>\n<meta property=\"og:url\" content=\"https:\/\/www.mapleleaffoods.com\/fr\/articles-de-fond\/sur-le-terrain-au-sommet-action-climat\/\" \/>\n<meta property=\"og:site_name\" content=\"Les Aliments Maple Leaf\" \/>\n<meta property=\"article:published_time\" content=\"2019-09-27T15:53:15+00:00\" \/>\n<meta property=\"article:modified_time\" content=\"2025-02-11T21:27:54+00:00\" \/>\n<meta property=\"og:image\" content=\"https:\/\/www.mapleleaffoods.com\/fr\/wp-content\/uploads\/sites\/7\/2019\/09\/World-Economic-Forum-Background-2222x1622.jpg\" \/>\n\t<meta property=\"og:image:width\" content=\"2222\" \/>\n\t<meta property=\"og:image:height\" content=\"1622\" \/>\n\t<meta property=\"og:image:type\" content=\"image\/jpeg\" \/>\n<meta name=\"author\" content=\"jclaussen\" \/>\n<meta name=\"twitter:card\" content=\"summary_large_image\" \/>\n<meta name=\"twitter:label1\" content=\"\u00c9crit par\" \/>\n\t<meta name=\"twitter:data1\" content=\"jclaussen\" \/>\n\t<meta name=\"twitter:label2\" content=\"Dur\u00e9e de lecture estim\u00e9e\" \/>\n\t<meta name=\"twitter:data2\" content=\"7 minutes\" \/>\n<script type=\"application\/ld+json\" class=\"yoast-schema-graph\">{\"@context\":\"https:\/\/schema.org\",\"@graph\":[{\"@type\":\"Article\",\"@id\":\"https:\/\/www.mapleleaffoods.com\/fr\/articles-de-fond\/sur-le-terrain-au-sommet-action-climat\/#article\",\"isPartOf\":{\"@id\":\"https:\/\/www.mapleleaffoods.com\/fr\/articles-de-fond\/sur-le-terrain-au-sommet-action-climat\/\"},\"author\":{\"name\":\"jclaussen\",\"@id\":\"https:\/\/www.mapleleaffoods.com\/fr\/#\/schema\/person\/ec41dbb99ad6eb87d278885b9abec7e3\"},\"headline\":\"Sur le terrain au Sommet Action Climat des Nations Unies\",\"datePublished\":\"2019-09-27T15:53:15+00:00\",\"dateModified\":\"2025-02-11T21:27:54+00:00\",\"mainEntityOfPage\":{\"@id\":\"https:\/\/www.mapleleaffoods.com\/fr\/articles-de-fond\/sur-le-terrain-au-sommet-action-climat\/\"},\"wordCount\":1337,\"commentCount\":0,\"publisher\":{\"@id\":\"https:\/\/www.mapleleaffoods.com\/fr\/#organization\"},\"articleSection\":[\"Nos engagements\"],\"inLanguage\":\"fr-FR\",\"potentialAction\":[{\"@type\":\"CommentAction\",\"name\":\"Comment\",\"target\":[\"https:\/\/www.mapleleaffoods.com\/fr\/articles-de-fond\/sur-le-terrain-au-sommet-action-climat\/#respond\"]}]},{\"@type\":\"WebPage\",\"@id\":\"https:\/\/www.mapleleaffoods.com\/fr\/articles-de-fond\/sur-le-terrain-au-sommet-action-climat\/\",\"url\":\"https:\/\/www.mapleleaffoods.com\/fr\/articles-de-fond\/sur-le-terrain-au-sommet-action-climat\/\",\"name\":\"Sur le terrain au Sommet Action Climat des Nations Unies | Actualit\u00e9s\",\"isPartOf\":{\"@id\":\"https:\/\/www.mapleleaffoods.com\/fr\/#website\"},\"datePublished\":\"2019-09-27T15:53:15+00:00\",\"dateModified\":\"2025-02-11T21:27:54+00:00\",\"description\":\"Randy Huffman, chef de la durabilit\u00e9 et Tim Faveri, vice-pr\u00e9sident de la durabilit\u00e9, ont repr\u00e9sent\u00e9 les Aliments Maple Leaf au Sommet...\",\"breadcrumb\":{\"@id\":\"https:\/\/www.mapleleaffoods.com\/fr\/articles-de-fond\/sur-le-terrain-au-sommet-action-climat\/#breadcrumb\"},\"inLanguage\":\"fr-FR\",\"potentialAction\":[{\"@type\":\"ReadAction\",\"target\":[\"https:\/\/www.mapleleaffoods.com\/fr\/articles-de-fond\/sur-le-terrain-au-sommet-action-climat\/\"]}]},{\"@type\":\"BreadcrumbList\",\"@id\":\"https:\/\/www.mapleleaffoods.com\/fr\/articles-de-fond\/sur-le-terrain-au-sommet-action-climat\/#breadcrumb\",\"itemListElement\":[{\"@type\":\"ListItem\",\"position\":1,\"name\":\"Page d\u2019accueil\",\"item\":\"https:\/\/www.mapleleaffoods.com\/fr\/\"},{\"@type\":\"ListItem\",\"position\":2,\"name\":\"Sur le terrain au Sommet Action Climat des Nations Unies\"}]},{\"@type\":\"WebSite\",\"@id\":\"https:\/\/www.mapleleaffoods.com\/fr\/#website\",\"url\":\"https:\/\/www.mapleleaffoods.com\/fr\/\",\"name\":\"Les Aliments Maple Leaf\",\"description\":\"Premi\u00e8re grande entreprise alimentaire carboneutre au monde\",\"publisher\":{\"@id\":\"https:\/\/www.mapleleaffoods.com\/fr\/#organization\"},\"potentialAction\":[{\"@type\":\"SearchAction\",\"target\":{\"@type\":\"EntryPoint\",\"urlTemplate\":\"https:\/\/www.mapleleaffoods.com\/fr\/?s={search_term_string}\"},\"query-input\":\"required name=search_term_string\"}],\"inLanguage\":\"fr-FR\"},{\"@type\":\"Organization\",\"@id\":\"https:\/\/www.mapleleaffoods.com\/fr\/#organization\",\"name\":\"Les Aliments Maple Leaf\",\"url\":\"https:\/\/www.mapleleaffoods.com\/fr\/\",\"logo\":{\"@type\":\"ImageObject\",\"inLanguage\":\"fr-FR\",\"@id\":\"https:\/\/www.mapleleaffoods.com\/fr\/#\/schema\/logo\/image\/\",\"url\":\"https:\/\/www.mapleleaffoods.com\/fr\/wp-content\/uploads\/sites\/7\/2026\/02\/L_MapleLeaf_4C_White_v1_EN.png\",\"contentUrl\":\"https:\/\/www.mapleleaffoods.com\/fr\/wp-content\/uploads\/sites\/7\/2026\/02\/L_MapleLeaf_4C_White_v1_EN.png\",\"width\":1829,\"height\":2200,\"caption\":\"Les Aliments Maple Leaf\"},\"image\":{\"@id\":\"https:\/\/www.mapleleaffoods.com\/fr\/#\/schema\/logo\/image\/\"}},{\"@type\":\"Person\",\"@id\":\"https:\/\/www.mapleleaffoods.com\/fr\/#\/schema\/person\/ec41dbb99ad6eb87d278885b9abec7e3\",\"name\":\"jclaussen\",\"image\":{\"@type\":\"ImageObject\",\"inLanguage\":\"fr-FR\",\"@id\":\"https:\/\/www.mapleleaffoods.com\/fr\/#\/schema\/person\/image\/\",\"url\":\"https:\/\/secure.gravatar.com\/avatar\/08d5158143d6a2857f125fd0a4e45f83?s=96&d=mm&r=g\",\"contentUrl\":\"https:\/\/secure.gravatar.com\/avatar\/08d5158143d6a2857f125fd0a4e45f83?s=96&d=mm&r=g\",\"caption\":\"jclaussen\"}}]}<\/script>\n<!-- \/ Yoast SEO plugin. -->","yoast_head_json":{"title":"Sur le terrain au Sommet Action Climat des Nations Unies | Actualit\u00e9s","description":"Randy Huffman, chef de la durabilit\u00e9 et Tim Faveri, vice-pr\u00e9sident de la durabilit\u00e9, ont repr\u00e9sent\u00e9 les Aliments Maple Leaf au Sommet...","robots":{"index":"index","follow":"follow","max-snippet":"max-snippet:-1","max-image-preview":"max-image-preview:large","max-video-preview":"max-video-preview:-1"},"canonical":"https:\/\/www.mapleleaffoods.com\/fr\/articles-de-fond\/sur-le-terrain-au-sommet-action-climat\/","og_locale":"fr_FR","og_type":"article","og_title":"Sur le terrain au Sommet Action Climat des Nations Unies | Actualit\u00e9s","og_description":"Randy Huffman, chef de la durabilit\u00e9 et Tim Faveri, vice-pr\u00e9sident de la durabilit\u00e9, ont repr\u00e9sent\u00e9 les Aliments Maple Leaf au Sommet...","og_url":"https:\/\/www.mapleleaffoods.com\/fr\/articles-de-fond\/sur-le-terrain-au-sommet-action-climat\/","og_site_name":"Les Aliments Maple Leaf","article_published_time":"2019-09-27T15:53:15+00:00","article_modified_time":"2025-02-11T21:27:54+00:00","og_image":[{"width":2222,"height":1622,"url":"https:\/\/www.mapleleaffoods.com\/fr\/wp-content\/uploads\/sites\/7\/2019\/09\/World-Economic-Forum-Background-2222x1622.jpg","type":"image\/jpeg"}],"author":"jclaussen","twitter_card":"summary_large_image","twitter_misc":{"\u00c9crit par":"jclaussen","Dur\u00e9e de lecture estim\u00e9e":"7 minutes"},"schema":{"@context":"https:\/\/schema.org","@graph":[{"@type":"Article","@id":"https:\/\/www.mapleleaffoods.com\/fr\/articles-de-fond\/sur-le-terrain-au-sommet-action-climat\/#article","isPartOf":{"@id":"https:\/\/www.mapleleaffoods.com\/fr\/articles-de-fond\/sur-le-terrain-au-sommet-action-climat\/"},"author":{"name":"jclaussen","@id":"https:\/\/www.mapleleaffoods.com\/fr\/#\/schema\/person\/ec41dbb99ad6eb87d278885b9abec7e3"},"headline":"Sur le terrain au Sommet Action Climat des Nations Unies","datePublished":"2019-09-27T15:53:15+00:00","dateModified":"2025-02-11T21:27:54+00:00","mainEntityOfPage":{"@id":"https:\/\/www.mapleleaffoods.com\/fr\/articles-de-fond\/sur-le-terrain-au-sommet-action-climat\/"},"wordCount":1337,"commentCount":0,"publisher":{"@id":"https:\/\/www.mapleleaffoods.com\/fr\/#organization"},"articleSection":["Nos engagements"],"inLanguage":"fr-FR","potentialAction":[{"@type":"CommentAction","name":"Comment","target":["https:\/\/www.mapleleaffoods.com\/fr\/articles-de-fond\/sur-le-terrain-au-sommet-action-climat\/#respond"]}]},{"@type":"WebPage","@id":"https:\/\/www.mapleleaffoods.com\/fr\/articles-de-fond\/sur-le-terrain-au-sommet-action-climat\/","url":"https:\/\/www.mapleleaffoods.com\/fr\/articles-de-fond\/sur-le-terrain-au-sommet-action-climat\/","name":"Sur le terrain au Sommet Action Climat des Nations Unies | Actualit\u00e9s","isPartOf":{"@id":"https:\/\/www.mapleleaffoods.com\/fr\/#website"},"datePublished":"2019-09-27T15:53:15+00:00","dateModified":"2025-02-11T21:27:54+00:00","description":"Randy Huffman, chef de la durabilit\u00e9 et Tim Faveri, vice-pr\u00e9sident de la durabilit\u00e9, ont repr\u00e9sent\u00e9 les Aliments Maple Leaf au Sommet...","breadcrumb":{"@id":"https:\/\/www.mapleleaffoods.com\/fr\/articles-de-fond\/sur-le-terrain-au-sommet-action-climat\/#breadcrumb"},"inLanguage":"fr-FR","potentialAction":[{"@type":"ReadAction","target":["https:\/\/www.mapleleaffoods.com\/fr\/articles-de-fond\/sur-le-terrain-au-sommet-action-climat\/"]}]},{"@type":"BreadcrumbList","@id":"https:\/\/www.mapleleaffoods.com\/fr\/articles-de-fond\/sur-le-terrain-au-sommet-action-climat\/#breadcrumb","itemListElement":[{"@type":"ListItem","position":1,"name":"Page d\u2019accueil","item":"https:\/\/www.mapleleaffoods.com\/fr\/"},{"@type":"ListItem","position":2,"name":"Sur le terrain au Sommet Action Climat des Nations Unies"}]},{"@type":"WebSite","@id":"https:\/\/www.mapleleaffoods.com\/fr\/#website","url":"https:\/\/www.mapleleaffoods.com\/fr\/","name":"Les Aliments Maple Leaf","description":"Premi\u00e8re grande entreprise alimentaire carboneutre au monde","publisher":{"@id":"https:\/\/www.mapleleaffoods.com\/fr\/#organization"},"potentialAction":[{"@type":"SearchAction","target":{"@type":"EntryPoint","urlTemplate":"https:\/\/www.mapleleaffoods.com\/fr\/?s={search_term_string}"},"query-input":"required name=search_term_string"}],"inLanguage":"fr-FR"},{"@type":"Organization","@id":"https:\/\/www.mapleleaffoods.com\/fr\/#organization","name":"Les Aliments Maple Leaf","url":"https:\/\/www.mapleleaffoods.com\/fr\/","logo":{"@type":"ImageObject","inLanguage":"fr-FR","@id":"https:\/\/www.mapleleaffoods.com\/fr\/#\/schema\/logo\/image\/","url":"https:\/\/www.mapleleaffoods.com\/fr\/wp-content\/uploads\/sites\/7\/2026\/02\/L_MapleLeaf_4C_White_v1_EN.png","contentUrl":"https:\/\/www.mapleleaffoods.com\/fr\/wp-content\/uploads\/sites\/7\/2026\/02\/L_MapleLeaf_4C_White_v1_EN.png","width":1829,"height":2200,"caption":"Les Aliments Maple Leaf"},"image":{"@id":"https:\/\/www.mapleleaffoods.com\/fr\/#\/schema\/logo\/image\/"}},{"@type":"Person","@id":"https:\/\/www.mapleleaffoods.com\/fr\/#\/schema\/person\/ec41dbb99ad6eb87d278885b9abec7e3","name":"jclaussen","image":{"@type":"ImageObject","inLanguage":"fr-FR","@id":"https:\/\/www.mapleleaffoods.com\/fr\/#\/schema\/person\/image\/","url":"https:\/\/secure.gravatar.com\/avatar\/08d5158143d6a2857f125fd0a4e45f83?s=96&d=mm&r=g","contentUrl":"https:\/\/secure.gravatar.com\/avatar\/08d5158143d6a2857f125fd0a4e45f83?s=96&d=mm&r=g","caption":"jclaussen"}}]}},"jetpack_featured_media_url":"https:\/\/www.mapleleaffoods.com\/fr\/wp-content\/uploads\/sites\/7\/2019\/09\/World-Economic-Forum-Background-2222x1622.jpg","jetpack_sharing_enabled":true,"_links":{"self":[{"href":"https:\/\/www.mapleleaffoods.com\/fr\/wp-json\/wp\/v2\/posts\/246013"}],"collection":[{"href":"https:\/\/www.mapleleaffoods.com\/fr\/wp-json\/wp\/v2\/posts"}],"about":[{"href":"https:\/\/www.mapleleaffoods.com\/fr\/wp-json\/wp\/v2\/types\/post"}],"author":[{"embeddable":true,"href":"https:\/\/www.mapleleaffoods.com\/fr\/wp-json\/wp\/v2\/users\/18"}],"replies":[{"embeddable":true,"href":"https:\/\/www.mapleleaffoods.com\/fr\/wp-json\/wp\/v2\/comments?post=246013"}],"version-history":[{"count":5,"href":"https:\/\/www.mapleleaffoods.com\/fr\/wp-json\/wp\/v2\/posts\/246013\/revisions"}],"predecessor-version":[{"id":258645,"href":"https:\/\/www.mapleleaffoods.com\/fr\/wp-json\/wp\/v2\/posts\/246013\/revisions\/258645"}],"wp:featuredmedia":[{"embeddable":true,"href":"https:\/\/www.mapleleaffoods.com\/fr\/wp-json\/wp\/v2\/media\/238734"}],"wp:attachment":[{"href":"https:\/\/www.mapleleaffoods.com\/fr\/wp-json\/wp\/v2\/media?parent=246013"}],"wp:term":[{"taxonomy":"category","embeddable":true,"href":"https:\/\/www.mapleleaffoods.com\/fr\/wp-json\/wp\/v2\/categories?post=246013"},{"taxonomy":"post_tag","embeddable":true,"href":"https:\/\/www.mapleleaffoods.com\/fr\/wp-json\/wp\/v2\/tags?post=246013"}],"curies":[{"name":"wp","href":"https:\/\/api.w.org\/{rel}","templated":true}]}}