{"id":255741,"date":"2023-11-17T07:30:00","date_gmt":"2023-11-17T12:30:00","guid":{"rendered":"https:\/\/www.mapleleaffoods.com\/fr\/news\/le-centre-de-maple-leaf-pour-la-securite-alimentaire-organise-le-symposium-annuel-sur-la-securite-alimentaire\/"},"modified":"2024-06-26T16:29:42","modified_gmt":"2024-06-26T20:29:42","slug":"centre-reuni-hier-personnes-sinspirer-dune-nouvelle-etude","status":"publish","type":"mlfcorp_news","link":"https:\/\/www.mapleleaffoods.com\/fr\/news\/centre-reuni-hier-personnes-sinspirer-dune-nouvelle-etude\/","title":{"rendered":"Le Centre de Maple Leaf pour la s\u00e9curit\u00e9 alimentaire organise le Symposium annuel sur la s\u00e9curit\u00e9 alimentaire"},"content":{"rendered":"<p><strong><em>Appel \u00e0 l'action pour que tous les gouvernements au pays s'engagent \u00e0 fixer\u00a0un objectif de r\u00e9duction de l'ins\u00e9curit\u00e9 alimentaire de 50\u00a0% d'ici 2030<\/em><\/strong><\/p>\n<p><strong>MISSISSAUGA, ON,\u00a0le\u00a017 nov. 2023\u00a0\/CNW\/<\/strong> - \u00c0 l'occasion de son Symposium annuel, le Centre de Maple Leaf pour la s\u00e9curit\u00e9 alimentaire (le \u00ab\u00a0Centre\u00a0\u00bb) a r\u00e9uni hier plus de 160\u00a0personnes issues des autorit\u00e9s gouvernementales, du secteur priv\u00e9 et de la soci\u00e9t\u00e9 civile pour s'inspirer d'une nouvelle \u00e9tude, d'exp\u00e9riences v\u00e9cues et de sp\u00e9cialistes des programmes et des politiques publiques afin de d\u00e9couvrir des approches visant \u00e0 r\u00e9duire l'ins\u00e9curit\u00e9 alimentaire sur le plan structurel et \u00e0 am\u00e9liorer l'acc\u00e8s \u00e0 la nourriture et la sant\u00e9 des populations vuln\u00e9rables.<\/p>\n<p>L'ins\u00e9curit\u00e9 alimentaire a grimp\u00e9 au\u00a0Canada\u00a0dans la foul\u00e9e de l'inflation post-pand\u00e9mique. Pr\u00e8s de sept\u00a0millions de Canadiens, dont un enfant sur quatre, sont en situation d'ins\u00e9curit\u00e9 alimentaire. \u00c0\u00a0Toronto, la fr\u00e9quentation des banques alimentaires a augment\u00e9 de plus de 50\u00a0% au cours de la derni\u00e8re ann\u00e9e, alors qu'une personne sur dix y a maintenant recours. Bien que la pauvret\u00e9 ait recul\u00e9, 78\u00a0% des personnes en situation d'ins\u00e9curit\u00e9 alimentaire vivent au-dessus du seuil de pauvret\u00e9.<\/p>\n<p>\u00ab\u00a0Les gouvernements, le secteur priv\u00e9 et la soci\u00e9t\u00e9 civile doivent faire de cette crise une priorit\u00e9, a affirm\u00e9\u00a0Michael McCain, pr\u00e9sident honoraire du Centre de Maple Leaf pour la s\u00e9curit\u00e9 alimentaire. Nous devons travailler ensemble \u00e0 l'\u00e9tablissement d'objectifs clairs et r\u00e9alisables visant \u00e0 r\u00e9duire l'ins\u00e9curit\u00e9 alimentaire de 50\u00a0% d'ici\u00a02030 et\u00a0\u00e0 \u00e9liminer l'ins\u00e9curit\u00e9 alimentaire grave. Cela nous donne sept\u00a0ans, soit assez de temps pour apporter les r\u00e9formes n\u00e9cessaires aux programmes et aux politiques publiques, obtenir la collaboration des parties prenantes et intensifier les interventions ayant des effets durables. Nous devons nous mobiliser de toute urgence.\u00a0\u00bb<\/p>\n<p>Lors du Symposium, on a pr\u00e9sent\u00e9 a une\u00a0<a href=\"https:\/\/c212.net\/c\/link\/?t=0&amp;l=fr&amp;o=4029127-1&amp;h=3712480827&amp;u=https%3A%2F%2Fwww150.statcan.gc.ca%2Fn1%2Fdaily-quotidien%2F231114%2Fdq231114a-fra.htm&amp;a=nouvelle+%C3%A9tude\" target=\"_blank\" rel=\"nofollow noopener\">nouvelle \u00e9tude<\/a>\u00a0de Statistique\u00a0Canada sur le lien entre pauvret\u00e9 et ins\u00e9curit\u00e9 alimentaire. En 2022, pr\u00e8s de la moiti\u00e9 (48\u00a0%) des m\u00e8res c\u00e9libataires qui vivaient sous le seuil de la pauvret\u00e9 et 40\u00a0% de celles qui se situaient au-dessus du seuil de la pauvret\u00e9 \u00e9taient en situation d'ins\u00e9curit\u00e9 alimentaire.\u00a0Le taux d'ins\u00e9curit\u00e9 alimentaire chez les familles noires et autochtones qui vivaient au-dessus du seuil de la pauvret\u00e9 repr\u00e9sentait plus de deux fois le taux enregistr\u00e9 chez les familles non racis\u00e9es.<\/p>\n<p>L'incidence des programmes de prescription alimentaire sur l'am\u00e9lioration de la sant\u00e9 et de la s\u00e9curit\u00e9 alimentaire aux \u00c9tats-Unis a aussi \u00e9t\u00e9 \u00e9tudi\u00e9e avec des intervenants de premier plan des secteurs communautaire, de l'alimentation au d\u00e9tail et des soins de sant\u00e9. \u00c9tant donn\u00e9 que la moiti\u00e9 des probl\u00e8mes de sant\u00e9 des Canadiens sont li\u00e9s aux d\u00e9terminants sociaux de la sant\u00e9, les prescriptions alimentaires constituent un moyen novateur de favoriser une alimentation saine chez les populations vuln\u00e9rables.<\/p>\n<p>D'autres tables rondes ont port\u00e9 sur la promotion de politiques progressistes aux \u00e9chelons f\u00e9d\u00e9ral et provincial et de mouvements qui ont men\u00e9 \u00e0 la cr\u00e9ation de l'Allocation canadienne pour enfants. Des personnes ont \u00e9galement partag\u00e9 leur exp\u00e9rience concernant les obstacles \u00e0 l'emploi qu'elles ont d\u00fb surmonter, la vie dans une communaut\u00e9 \u00e9loign\u00e9e et l'acc\u00e8s aux prestations gouvernementales.<\/p>\n<p>\u00ab\u00a0La souffrance v\u00e9cue par les personnes qui ont de la difficult\u00e9 \u00e0 se nourrir et \u00e0 nourrir leur famille, ainsi que l'ampleur de ce ph\u00e9nom\u00e8ne, nous poussent \u00e0 mettre rapidement en place des politiques et des programmes efficaces, a d\u00e9clar\u00e9\u00a0Lynda Kuhn, pr\u00e9sidente du Centre de Maple Leaf pour la s\u00e9curit\u00e9 alimentaire. Nous devons mettre en place un filet de s\u00e9curit\u00e9 sociale solide, durable et accessible. Nous disposons des ressources, de l'expertise et de la volont\u00e9 publique. Tous les paliers de gouvernement doivent faire preuve de leadership.\u00a0\u00bb<\/p>\n<div><strong>\u00c0 propos du Centre de Maple Leaf pour la s\u00e9curit\u00e9 alimentaire<\/strong><\/div>\n<p>Le Centre de Maple Leaf pour la s\u00e9curit\u00e9 alimentaire (le \u00ab Centre \u00bb), un organisme sans but lucratif enregistr\u00e9, s'est engag\u00e9 \u00e0 collaborer avec des parties prenantes pour r\u00e9duire de 50 % l'ins\u00e9curit\u00e9 alimentaire au Canada d'ici 2030. Il pr\u00f4ne la mise en place de politiques publiques essentielles et investit dans le renforcement des connaissances et les programmes qui aident les gens et les collectivit\u00e9s \u00e0 atteindre une s\u00e9curit\u00e9 alimentaire durable. Le Centre a \u00e9t\u00e9 cr\u00e9\u00e9 en 2016 et est dirig\u00e9 par un conseil d'administration comprenant quatre experts ind\u00e9pendants.<\/p>\n<p>SOURCE Centre de Maple Leaf pour la s\u00e9curit\u00e9 alimentaire<\/p>\n<p><strong>Suivez-nous sur X : <\/strong> \u00a0 <br data-rich-text-line-break=\"true\" \/><a href=\"https:\/\/twitter.com\/feedopportunity\">@FeedOpportunity<\/a><br data-rich-text-line-break=\"true\" \/><br data-rich-text-line-break=\"true\" \/><strong>Personne-ressource pour les m\u00e9dias\u00a0:<\/strong> \u00a0 <br data-rich-text-line-break=\"true\" \/>Centre de Maple Leaf pour la s\u00e9curit\u00e9 alimentaire\u00a0: <a href=\"mailto:Sarah.stern@mapleleaf.com\">Sarah.stern@mapleleaf.com<\/a> \u00a0 <br data-rich-text-line-break=\"true\" \/>Les Aliments Maple Leaf: <a href=\"mailto:Media.Hotline@mapleleaf.com\" data-rich-text-format-boundary=\"true\">Media.Hotline@mapleleaf.com<\/a><\/p>\n","protected":false},"excerpt":{"rendered":"<p>Appel \u00e0 l&#8217;action pour que tous les gouvernements au pays s&#8217;engagent \u00e0 fixer un objectif de r\u00e9duction de l&#8217;ins\u00e9curit\u00e9 alimentaire de 50 % d&#8217;ici 2030 MISSISSAUGA, ON, le 17 nov. 2023 \/CNW\/ &#8211; \u00c0&#8230;<\/p>\n","protected":false},"author":13,"featured_media":248033,"template":"","mlfcorp_news_category":[20],"class_list":["post-255741","mlfcorp_news","type-mlfcorp_news","status-publish","has-post-thumbnail","hentry","mlfcorp_news_category-communiques-de-presse-des-aliments-maple-leaf"],"acf":[],"yoast_head":"<!-- This site is optimized with the Yoast SEO plugin v21.7 - https:\/\/yoast.com\/wordpress\/plugins\/seo\/ -->\n<title>Le Centre organise le Symposium annuel sur la s\u00e9curit\u00e9 alimentaire<\/title>\n<meta name=\"description\" content=\"Le Centre a r\u00e9uni hier plus de 160 personnes issues des autorit\u00e9s gouvernementales, du secteur priv\u00e9 et de la soci\u00e9t\u00e9 civile pour ...\" \/>\n<meta name=\"robots\" content=\"index, follow, max-snippet:-1, max-image-preview:large, max-video-preview:-1\" \/>\n<link rel=\"canonical\" href=\"https:\/\/www.mapleleaffoods.com\/fr\/news\/centre-reuni-hier-personnes-sinspirer-dune-nouvelle-etude\/\" \/>\n<meta property=\"og:locale\" content=\"fr_FR\" \/>\n<meta property=\"og:type\" content=\"article\" \/>\n<meta property=\"og:title\" content=\"Le Centre organise le Symposium annuel sur la s\u00e9curit\u00e9 alimentaire\" \/>\n<meta property=\"og:description\" content=\"Le Centre a r\u00e9uni hier plus de 160 personnes issues des autorit\u00e9s gouvernementales, du secteur priv\u00e9 et de la soci\u00e9t\u00e9 civile pour ...\" \/>\n<meta property=\"og:url\" content=\"https:\/\/www.mapleleaffoods.com\/fr\/news\/centre-reuni-hier-personnes-sinspirer-dune-nouvelle-etude\/\" \/>\n<meta property=\"og:site_name\" content=\"Les Aliments Maple Leaf\" \/>\n<meta property=\"article:modified_time\" content=\"2024-06-26T20:29:42+00:00\" \/>\n<meta property=\"og:image\" content=\"https:\/\/www.mapleleaffoods.com\/fr\/wp-content\/uploads\/sites\/7\/2022\/03\/MLF-Flag.jpg.webp\" \/>\n\t<meta property=\"og:image:width\" content=\"630\" \/>\n\t<meta property=\"og:image:height\" content=\"546\" \/>\n\t<meta property=\"og:image:type\" content=\"image\/webp\" \/>\n<meta name=\"twitter:card\" content=\"summary_large_image\" \/>\n<meta name=\"twitter:label1\" content=\"Dur\u00e9e de lecture estim\u00e9e\" \/>\n\t<meta name=\"twitter:data1\" content=\"4 minutes\" \/>\n<script type=\"application\/ld+json\" class=\"yoast-schema-graph\">{\"@context\":\"https:\/\/schema.org\",\"@graph\":[{\"@type\":\"WebPage\",\"@id\":\"https:\/\/www.mapleleaffoods.com\/fr\/news\/centre-reuni-hier-personnes-sinspirer-dune-nouvelle-etude\/\",\"url\":\"https:\/\/www.mapleleaffoods.com\/fr\/news\/centre-reuni-hier-personnes-sinspirer-dune-nouvelle-etude\/\",\"name\":\"Le Centre organise le Symposium annuel sur la s\u00e9curit\u00e9 alimentaire\",\"isPartOf\":{\"@id\":\"https:\/\/www.mapleleaffoods.com\/fr\/#website\"},\"datePublished\":\"2023-11-17T12:30:00+00:00\",\"dateModified\":\"2024-06-26T20:29:42+00:00\",\"description\":\"Le Centre a r\u00e9uni hier plus de 160 personnes issues des autorit\u00e9s gouvernementales, du secteur priv\u00e9 et de la soci\u00e9t\u00e9 civile pour ...\",\"breadcrumb\":{\"@id\":\"https:\/\/www.mapleleaffoods.com\/fr\/news\/centre-reuni-hier-personnes-sinspirer-dune-nouvelle-etude\/#breadcrumb\"},\"inLanguage\":\"fr-FR\",\"potentialAction\":[{\"@type\":\"ReadAction\",\"target\":[\"https:\/\/www.mapleleaffoods.com\/fr\/news\/centre-reuni-hier-personnes-sinspirer-dune-nouvelle-etude\/\"]}]},{\"@type\":\"BreadcrumbList\",\"@id\":\"https:\/\/www.mapleleaffoods.com\/fr\/news\/centre-reuni-hier-personnes-sinspirer-dune-nouvelle-etude\/#breadcrumb\",\"itemListElement\":[{\"@type\":\"ListItem\",\"position\":1,\"name\":\"Page d\u2019accueil\",\"item\":\"https:\/\/www.mapleleaffoods.com\/fr\/\"},{\"@type\":\"ListItem\",\"position\":2,\"name\":\"Le Centre de Maple Leaf pour la s\u00e9curit\u00e9 alimentaire organise le Symposium annuel sur la s\u00e9curit\u00e9 alimentaire\"}]},{\"@type\":\"WebSite\",\"@id\":\"https:\/\/www.mapleleaffoods.com\/fr\/#website\",\"url\":\"https:\/\/www.mapleleaffoods.com\/fr\/\",\"name\":\"Les Aliments Maple Leaf\",\"description\":\"Premi\u00e8re grande entreprise alimentaire carboneutre au monde\",\"publisher\":{\"@id\":\"https:\/\/www.mapleleaffoods.com\/fr\/#organization\"},\"potentialAction\":[{\"@type\":\"SearchAction\",\"target\":{\"@type\":\"EntryPoint\",\"urlTemplate\":\"https:\/\/www.mapleleaffoods.com\/fr\/?s={search_term_string}\"},\"query-input\":\"required name=search_term_string\"}],\"inLanguage\":\"fr-FR\"},{\"@type\":\"Organization\",\"@id\":\"https:\/\/www.mapleleaffoods.com\/fr\/#organization\",\"name\":\"Les Aliments Maple Leaf\",\"url\":\"https:\/\/www.mapleleaffoods.com\/fr\/\",\"logo\":{\"@type\":\"ImageObject\",\"inLanguage\":\"fr-FR\",\"@id\":\"https:\/\/www.mapleleaffoods.com\/fr\/#\/schema\/logo\/image\/\",\"url\":\"https:\/\/www.mapleleaffoods.com\/fr\/wp-content\/uploads\/sites\/7\/2026\/02\/L_MapleLeaf_4C_White_v1_EN.png\",\"contentUrl\":\"https:\/\/www.mapleleaffoods.com\/fr\/wp-content\/uploads\/sites\/7\/2026\/02\/L_MapleLeaf_4C_White_v1_EN.png\",\"width\":1829,\"height\":2200,\"caption\":\"Les Aliments Maple Leaf\"},\"image\":{\"@id\":\"https:\/\/www.mapleleaffoods.com\/fr\/#\/schema\/logo\/image\/\"}}]}<\/script>\n<!-- \/ Yoast SEO plugin. -->","yoast_head_json":{"title":"Le Centre organise le Symposium annuel sur la s\u00e9curit\u00e9 alimentaire","description":"Le Centre a r\u00e9uni hier plus de 160 personnes issues des autorit\u00e9s gouvernementales, du secteur priv\u00e9 et de la soci\u00e9t\u00e9 civile pour ...","robots":{"index":"index","follow":"follow","max-snippet":"max-snippet:-1","max-image-preview":"max-image-preview:large","max-video-preview":"max-video-preview:-1"},"canonical":"https:\/\/www.mapleleaffoods.com\/fr\/news\/centre-reuni-hier-personnes-sinspirer-dune-nouvelle-etude\/","og_locale":"fr_FR","og_type":"article","og_title":"Le Centre organise le Symposium annuel sur la s\u00e9curit\u00e9 alimentaire","og_description":"Le Centre a r\u00e9uni hier plus de 160 personnes issues des autorit\u00e9s gouvernementales, du secteur priv\u00e9 et de la soci\u00e9t\u00e9 civile pour ...","og_url":"https:\/\/www.mapleleaffoods.com\/fr\/news\/centre-reuni-hier-personnes-sinspirer-dune-nouvelle-etude\/","og_site_name":"Les Aliments Maple Leaf","article_modified_time":"2024-06-26T20:29:42+00:00","og_image":[{"width":630,"height":546,"url":"https:\/\/www.mapleleaffoods.com\/fr\/wp-content\/uploads\/sites\/7\/2022\/03\/MLF-Flag.jpg.webp","type":"image\/webp"}],"twitter_card":"summary_large_image","twitter_misc":{"Dur\u00e9e de lecture estim\u00e9e":"4 minutes"},"schema":{"@context":"https:\/\/schema.org","@graph":[{"@type":"WebPage","@id":"https:\/\/www.mapleleaffoods.com\/fr\/news\/centre-reuni-hier-personnes-sinspirer-dune-nouvelle-etude\/","url":"https:\/\/www.mapleleaffoods.com\/fr\/news\/centre-reuni-hier-personnes-sinspirer-dune-nouvelle-etude\/","name":"Le Centre organise le Symposium annuel sur la s\u00e9curit\u00e9 alimentaire","isPartOf":{"@id":"https:\/\/www.mapleleaffoods.com\/fr\/#website"},"datePublished":"2023-11-17T12:30:00+00:00","dateModified":"2024-06-26T20:29:42+00:00","description":"Le Centre a r\u00e9uni hier plus de 160 personnes issues des autorit\u00e9s gouvernementales, du secteur priv\u00e9 et de la soci\u00e9t\u00e9 civile pour ...","breadcrumb":{"@id":"https:\/\/www.mapleleaffoods.com\/fr\/news\/centre-reuni-hier-personnes-sinspirer-dune-nouvelle-etude\/#breadcrumb"},"inLanguage":"fr-FR","potentialAction":[{"@type":"ReadAction","target":["https:\/\/www.mapleleaffoods.com\/fr\/news\/centre-reuni-hier-personnes-sinspirer-dune-nouvelle-etude\/"]}]},{"@type":"BreadcrumbList","@id":"https:\/\/www.mapleleaffoods.com\/fr\/news\/centre-reuni-hier-personnes-sinspirer-dune-nouvelle-etude\/#breadcrumb","itemListElement":[{"@type":"ListItem","position":1,"name":"Page d\u2019accueil","item":"https:\/\/www.mapleleaffoods.com\/fr\/"},{"@type":"ListItem","position":2,"name":"Le Centre de Maple Leaf pour la s\u00e9curit\u00e9 alimentaire organise le Symposium annuel sur la s\u00e9curit\u00e9 alimentaire"}]},{"@type":"WebSite","@id":"https:\/\/www.mapleleaffoods.com\/fr\/#website","url":"https:\/\/www.mapleleaffoods.com\/fr\/","name":"Les Aliments Maple Leaf","description":"Premi\u00e8re grande entreprise alimentaire carboneutre au monde","publisher":{"@id":"https:\/\/www.mapleleaffoods.com\/fr\/#organization"},"potentialAction":[{"@type":"SearchAction","target":{"@type":"EntryPoint","urlTemplate":"https:\/\/www.mapleleaffoods.com\/fr\/?s={search_term_string}"},"query-input":"required name=search_term_string"}],"inLanguage":"fr-FR"},{"@type":"Organization","@id":"https:\/\/www.mapleleaffoods.com\/fr\/#organization","name":"Les Aliments Maple Leaf","url":"https:\/\/www.mapleleaffoods.com\/fr\/","logo":{"@type":"ImageObject","inLanguage":"fr-FR","@id":"https:\/\/www.mapleleaffoods.com\/fr\/#\/schema\/logo\/image\/","url":"https:\/\/www.mapleleaffoods.com\/fr\/wp-content\/uploads\/sites\/7\/2026\/02\/L_MapleLeaf_4C_White_v1_EN.png","contentUrl":"https:\/\/www.mapleleaffoods.com\/fr\/wp-content\/uploads\/sites\/7\/2026\/02\/L_MapleLeaf_4C_White_v1_EN.png","width":1829,"height":2200,"caption":"Les Aliments Maple Leaf"},"image":{"@id":"https:\/\/www.mapleleaffoods.com\/fr\/#\/schema\/logo\/image\/"}}]}},"jetpack_sharing_enabled":true,"_links":{"self":[{"href":"https:\/\/www.mapleleaffoods.com\/fr\/wp-json\/wp\/v2\/mlfcorp_news\/255741"}],"collection":[{"href":"https:\/\/www.mapleleaffoods.com\/fr\/wp-json\/wp\/v2\/mlfcorp_news"}],"about":[{"href":"https:\/\/www.mapleleaffoods.com\/fr\/wp-json\/wp\/v2\/types\/mlfcorp_news"}],"author":[{"embeddable":true,"href":"https:\/\/www.mapleleaffoods.com\/fr\/wp-json\/wp\/v2\/users\/13"}],"version-history":[{"count":7,"href":"https:\/\/www.mapleleaffoods.com\/fr\/wp-json\/wp\/v2\/mlfcorp_news\/255741\/revisions"}],"predecessor-version":[{"id":257079,"href":"https:\/\/www.mapleleaffoods.com\/fr\/wp-json\/wp\/v2\/mlfcorp_news\/255741\/revisions\/257079"}],"wp:featuredmedia":[{"embeddable":true,"href":"https:\/\/www.mapleleaffoods.com\/fr\/wp-json\/wp\/v2\/media\/248033"}],"wp:attachment":[{"href":"https:\/\/www.mapleleaffoods.com\/fr\/wp-json\/wp\/v2\/media?parent=255741"}],"wp:term":[{"taxonomy":"mlfcorp_news_category","embeddable":true,"href":"https:\/\/www.mapleleaffoods.com\/fr\/wp-json\/wp\/v2\/mlfcorp_news_category?post=255741"}],"curies":[{"name":"wp","href":"https:\/\/api.w.org\/{rel}","templated":true}]}}