{"id":246472,"date":"2021-08-19T18:33:11","date_gmt":"2021-08-19T22:33:11","guid":{"rendered":"https:\/\/staging.mapleleaffoods.com\/fr\/news\/enonce-de-michael-mccain-president-et-chef-de-la-direction-des-aliments-maple-leaf-au-sujet-des-vaccinations\/"},"modified":"2024-05-27T17:04:26","modified_gmt":"2024-05-27T21:04:26","slug":"enonce-de-michael-mccain-au-sujet-des-vaccinations","status":"publish","type":"mlfcorp_news","link":"https:\/\/www.mapleleaffoods.com\/fr\/news\/enonce-de-michael-mccain-au-sujet-des-vaccinations\/","title":{"rendered":"\u00c9nonc\u00e9 de Michael McCain, pr\u00e9sident et chef de la direction des Aliments Maple Leaf, au sujet des vaccinations"},"content":{"rendered":"<p>La priorit\u00e9 des Aliments Maple Leaf est de garder notre personnel en s\u00e9curit\u00e9. Les sp\u00e9cialistes de la sant\u00e9 publique au Canada et aux \u00c9.-U. ont affirm\u00e9 que les vaccins contre la COVID-19 sont s\u00e9curitaires et attest\u00e9 leur importance pour prot\u00e9ger le personnel qui retourne au bureau.<\/p>\n<p>Ce virus a entra\u00een\u00e9 la perte de millions de vies en Am\u00e9rique du Nord et \u00e0 l\u2019\u00e9chelle mondiale et il a eu un effet d\u00e9vastateur sur les familles et les collectivit\u00e9s. Il est de notre obligation morale de faire tout notre possible pour veiller \u00e0 la s\u00e9curit\u00e9 des membres de notre \u00e9quipe et partant, de nos collectivit\u00e9s. C\u2019est pourquoi nous allons exiger que les membres de l\u2019\u00e9quipe de Maple Leaf qui retournent \u00e0 nos bureaux du si\u00e8ge social \u00e0 compter de septembre montrent une preuve de vaccination.<\/p>\n<p>Nous comprenons que certains des membres de notre \u00e9quipe qui retournent \u00e0 nos bureaux du si\u00e8ge social pourraient \u00eatre incapables de recevoir ces vaccins et ce, pour des motifs valables. Nous allons travailler avec ces personnes au cas par cas afin d\u2019identifier des mesures d\u2019adaptation appropri\u00e9es. Ce que nous ne ferons pas, c\u2019est de d\u00e9battre la d\u00e9cision d\u2019exiger les vaccinations dans nos bureaux et nous n\u2019allons pas nous en excuser. Lorsque nous prot\u00e9geons notre personnel, nous prot\u00e9geons \u00e9galement nos communaut\u00e9s. Et comme l\u2019a r\u00e9cemment affirm\u00e9 un sp\u00e9cialiste des maladies infectieuses, \u00ab&nbsp;si nous n\u2019avions qu\u2019une pand\u00e9mie des vaccin\u00e9s, nous pourrions la ma\u00eetriser.&nbsp;\u00bb<\/p>\n<p>Bien des personnes nous ont demand\u00e9 quels sont nos plans pour nos installations d\u2019exploitation. Notre premier objectif est de prot\u00e9ger la sant\u00e9 de tous nos employ\u00e9s. Et nous devons aussi prot\u00e9ger leurs EMPLOIS! En ce qui concerne notre personnel de bureau, nous avons davantage d\u2019options quant aux mesures d\u2019adaptation, y compris la capacit\u00e9 de travailler de la maison tout en demeurant un membre estim\u00e9 de notre \u00e9quipe. Nos travailleurs de premi\u00e8re ligne n\u2019ont pas l\u2019option de travailler de la maison, alors tandis que nous leur offrons tous les soutiens possibles pour les aider \u00e0 choisir de se faire vacciner, &nbsp;au moyen de cliniques de vaccination sur place qui ont d\u00e9j\u00e0 eu lieu \u00e0 plusieurs de nos \u00e9tablissements et par l\u2019offre de temps libre r\u00e9mun\u00e9r\u00e9 afin qu\u2019ils obtiennent leurs vaccins aux cliniques locales, nous ne leur demandons pas de preuve de vaccination. Nous continuons \u00e9galement \u00e0 mener des campagnes de sensibilisation \u00e0 la vaccination dans l\u2019ensemble de notre entreprise.&nbsp;<\/p>\n<p>L\u2019ann\u00e9e derni\u00e8re, nous avons d\u00e9pens\u00e9 plus de 50 millions de dollars afin d\u2019\u00e9laborer des protocoles de protection contre la COVID dans toutes nos installations d\u2019exploitation. Ces protocoles se sont av\u00e9r\u00e9s tr\u00e8s efficaces pour garder nos employ\u00e9s en s\u00e9curit\u00e9 tout au long de cette pand\u00e9mie. M\u00eame si la majorit\u00e9 des membres d\u2019\u00e9quipe de nos installations d\u2019exploitation sont enti\u00e8rement vaccin\u00e9s, nous allons maintenir nos protocoles de s\u00e9curit\u00e9 afin de prot\u00e9ger leur sant\u00e9 et leurs emplois. Nous allons continuer \u00e0 prioriser la s\u00e9curit\u00e9 de notre personnel et \u00e0 agir en fonction de la science dans notre prise de d\u00e9cision.<\/p>\n","protected":false},"excerpt":{"rendered":"<p>La priorit\u00e9 des Aliments Maple Leaf est de garder notre personnel en s\u00e9curit\u00e9. Les sp\u00e9cialistes de la sant\u00e9 publique au [&hellip;]<\/p>\n","protected":false},"author":18,"featured_media":0,"template":"","mlfcorp_news_category":[],"class_list":["post-246472","mlfcorp_news","type-mlfcorp_news","status-publish","hentry"],"acf":[],"yoast_head":"<!-- This site is optimized with the Yoast SEO plugin v21.7 - https:\/\/yoast.com\/wordpress\/plugins\/seo\/ -->\n<title>\u00c9nonc\u00e9 de Michael McCain au des vaccinations | Les Aliments Maple Leaf<\/title>\n<meta name=\"description\" content=\"D\u00e9claration du pr\u00e9sident et chef de la direction, Michael McCain, sur les vaccinations et le retour aux bureaux de l&#039;entreprise.\" \/>\n<meta name=\"robots\" content=\"index, follow, max-snippet:-1, max-image-preview:large, max-video-preview:-1\" \/>\n<link rel=\"canonical\" href=\"https:\/\/www.mapleleaffoods.com\/fr\/news\/enonce-de-michael-mccain-au-sujet-des-vaccinations\/\" \/>\n<meta property=\"og:locale\" content=\"fr_FR\" \/>\n<meta property=\"og:type\" content=\"article\" \/>\n<meta property=\"og:title\" content=\"\u00c9nonc\u00e9 de Michael McCain au des vaccinations | Les Aliments Maple Leaf\" \/>\n<meta property=\"og:description\" content=\"D\u00e9claration du pr\u00e9sident et chef de la direction, Michael McCain, sur les vaccinations et le retour aux bureaux de l&#039;entreprise.\" \/>\n<meta property=\"og:url\" content=\"https:\/\/www.mapleleaffoods.com\/fr\/news\/enonce-de-michael-mccain-au-sujet-des-vaccinations\/\" \/>\n<meta property=\"og:site_name\" content=\"Les Aliments Maple Leaf\" \/>\n<meta property=\"article:modified_time\" content=\"2024-05-27T21:04:26+00:00\" \/>\n<meta name=\"twitter:card\" content=\"summary_large_image\" \/>\n<meta name=\"twitter:label1\" content=\"Dur\u00e9e de lecture estim\u00e9e\" \/>\n\t<meta name=\"twitter:data1\" content=\"3 minutes\" \/>\n<script type=\"application\/ld+json\" class=\"yoast-schema-graph\">{\"@context\":\"https:\/\/schema.org\",\"@graph\":[{\"@type\":\"WebPage\",\"@id\":\"https:\/\/www.mapleleaffoods.com\/fr\/news\/enonce-de-michael-mccain-au-sujet-des-vaccinations\/\",\"url\":\"https:\/\/www.mapleleaffoods.com\/fr\/news\/enonce-de-michael-mccain-au-sujet-des-vaccinations\/\",\"name\":\"\u00c9nonc\u00e9 de Michael McCain au des vaccinations | Les Aliments Maple Leaf\",\"isPartOf\":{\"@id\":\"https:\/\/www.mapleleaffoods.com\/fr\/#website\"},\"datePublished\":\"2021-08-19T22:33:11+00:00\",\"dateModified\":\"2024-05-27T21:04:26+00:00\",\"description\":\"D\u00e9claration du pr\u00e9sident et chef de la direction, Michael McCain, sur les vaccinations et le retour aux bureaux de l'entreprise.\",\"breadcrumb\":{\"@id\":\"https:\/\/www.mapleleaffoods.com\/fr\/news\/enonce-de-michael-mccain-au-sujet-des-vaccinations\/#breadcrumb\"},\"inLanguage\":\"fr-FR\",\"potentialAction\":[{\"@type\":\"ReadAction\",\"target\":[\"https:\/\/www.mapleleaffoods.com\/fr\/news\/enonce-de-michael-mccain-au-sujet-des-vaccinations\/\"]}]},{\"@type\":\"BreadcrumbList\",\"@id\":\"https:\/\/www.mapleleaffoods.com\/fr\/news\/enonce-de-michael-mccain-au-sujet-des-vaccinations\/#breadcrumb\",\"itemListElement\":[{\"@type\":\"ListItem\",\"position\":1,\"name\":\"Page d\u2019accueil\",\"item\":\"https:\/\/www.mapleleaffoods.com\/fr\/\"},{\"@type\":\"ListItem\",\"position\":2,\"name\":\"\u00c9nonc\u00e9 de Michael McCain, pr\u00e9sident et chef de la direction des Aliments Maple Leaf, au sujet des vaccinations\"}]},{\"@type\":\"WebSite\",\"@id\":\"https:\/\/www.mapleleaffoods.com\/fr\/#website\",\"url\":\"https:\/\/www.mapleleaffoods.com\/fr\/\",\"name\":\"Les Aliments Maple Leaf\",\"description\":\"Premi\u00e8re grande entreprise alimentaire carboneutre au monde\",\"publisher\":{\"@id\":\"https:\/\/www.mapleleaffoods.com\/fr\/#organization\"},\"potentialAction\":[{\"@type\":\"SearchAction\",\"target\":{\"@type\":\"EntryPoint\",\"urlTemplate\":\"https:\/\/www.mapleleaffoods.com\/fr\/?s={search_term_string}\"},\"query-input\":\"required name=search_term_string\"}],\"inLanguage\":\"fr-FR\"},{\"@type\":\"Organization\",\"@id\":\"https:\/\/www.mapleleaffoods.com\/fr\/#organization\",\"name\":\"Les Aliments Maple Leaf\",\"url\":\"https:\/\/www.mapleleaffoods.com\/fr\/\",\"logo\":{\"@type\":\"ImageObject\",\"inLanguage\":\"fr-FR\",\"@id\":\"https:\/\/www.mapleleaffoods.com\/fr\/#\/schema\/logo\/image\/\",\"url\":\"https:\/\/www.mapleleaffoods.com\/fr\/wp-content\/uploads\/sites\/7\/2026\/02\/L_MapleLeaf_4C_White_v1_EN.png\",\"contentUrl\":\"https:\/\/www.mapleleaffoods.com\/fr\/wp-content\/uploads\/sites\/7\/2026\/02\/L_MapleLeaf_4C_White_v1_EN.png\",\"width\":1829,\"height\":2200,\"caption\":\"Les Aliments Maple Leaf\"},\"image\":{\"@id\":\"https:\/\/www.mapleleaffoods.com\/fr\/#\/schema\/logo\/image\/\"}}]}<\/script>\n<!-- \/ Yoast SEO plugin. -->","yoast_head_json":{"title":"\u00c9nonc\u00e9 de Michael McCain au des vaccinations | Les Aliments Maple Leaf","description":"D\u00e9claration du pr\u00e9sident et chef de la direction, Michael McCain, sur les vaccinations et le retour aux bureaux de l'entreprise.","robots":{"index":"index","follow":"follow","max-snippet":"max-snippet:-1","max-image-preview":"max-image-preview:large","max-video-preview":"max-video-preview:-1"},"canonical":"https:\/\/www.mapleleaffoods.com\/fr\/news\/enonce-de-michael-mccain-au-sujet-des-vaccinations\/","og_locale":"fr_FR","og_type":"article","og_title":"\u00c9nonc\u00e9 de Michael McCain au des vaccinations | Les Aliments Maple Leaf","og_description":"D\u00e9claration du pr\u00e9sident et chef de la direction, Michael McCain, sur les vaccinations et le retour aux bureaux de l'entreprise.","og_url":"https:\/\/www.mapleleaffoods.com\/fr\/news\/enonce-de-michael-mccain-au-sujet-des-vaccinations\/","og_site_name":"Les Aliments Maple Leaf","article_modified_time":"2024-05-27T21:04:26+00:00","twitter_card":"summary_large_image","twitter_misc":{"Dur\u00e9e de lecture estim\u00e9e":"3 minutes"},"schema":{"@context":"https:\/\/schema.org","@graph":[{"@type":"WebPage","@id":"https:\/\/www.mapleleaffoods.com\/fr\/news\/enonce-de-michael-mccain-au-sujet-des-vaccinations\/","url":"https:\/\/www.mapleleaffoods.com\/fr\/news\/enonce-de-michael-mccain-au-sujet-des-vaccinations\/","name":"\u00c9nonc\u00e9 de Michael McCain au des vaccinations | Les Aliments Maple Leaf","isPartOf":{"@id":"https:\/\/www.mapleleaffoods.com\/fr\/#website"},"datePublished":"2021-08-19T22:33:11+00:00","dateModified":"2024-05-27T21:04:26+00:00","description":"D\u00e9claration du pr\u00e9sident et chef de la direction, Michael McCain, sur les vaccinations et le retour aux bureaux de l'entreprise.","breadcrumb":{"@id":"https:\/\/www.mapleleaffoods.com\/fr\/news\/enonce-de-michael-mccain-au-sujet-des-vaccinations\/#breadcrumb"},"inLanguage":"fr-FR","potentialAction":[{"@type":"ReadAction","target":["https:\/\/www.mapleleaffoods.com\/fr\/news\/enonce-de-michael-mccain-au-sujet-des-vaccinations\/"]}]},{"@type":"BreadcrumbList","@id":"https:\/\/www.mapleleaffoods.com\/fr\/news\/enonce-de-michael-mccain-au-sujet-des-vaccinations\/#breadcrumb","itemListElement":[{"@type":"ListItem","position":1,"name":"Page d\u2019accueil","item":"https:\/\/www.mapleleaffoods.com\/fr\/"},{"@type":"ListItem","position":2,"name":"\u00c9nonc\u00e9 de Michael McCain, pr\u00e9sident et chef de la direction des Aliments Maple Leaf, au sujet des vaccinations"}]},{"@type":"WebSite","@id":"https:\/\/www.mapleleaffoods.com\/fr\/#website","url":"https:\/\/www.mapleleaffoods.com\/fr\/","name":"Les Aliments Maple Leaf","description":"Premi\u00e8re grande entreprise alimentaire carboneutre au monde","publisher":{"@id":"https:\/\/www.mapleleaffoods.com\/fr\/#organization"},"potentialAction":[{"@type":"SearchAction","target":{"@type":"EntryPoint","urlTemplate":"https:\/\/www.mapleleaffoods.com\/fr\/?s={search_term_string}"},"query-input":"required name=search_term_string"}],"inLanguage":"fr-FR"},{"@type":"Organization","@id":"https:\/\/www.mapleleaffoods.com\/fr\/#organization","name":"Les Aliments Maple Leaf","url":"https:\/\/www.mapleleaffoods.com\/fr\/","logo":{"@type":"ImageObject","inLanguage":"fr-FR","@id":"https:\/\/www.mapleleaffoods.com\/fr\/#\/schema\/logo\/image\/","url":"https:\/\/www.mapleleaffoods.com\/fr\/wp-content\/uploads\/sites\/7\/2026\/02\/L_MapleLeaf_4C_White_v1_EN.png","contentUrl":"https:\/\/www.mapleleaffoods.com\/fr\/wp-content\/uploads\/sites\/7\/2026\/02\/L_MapleLeaf_4C_White_v1_EN.png","width":1829,"height":2200,"caption":"Les Aliments Maple Leaf"},"image":{"@id":"https:\/\/www.mapleleaffoods.com\/fr\/#\/schema\/logo\/image\/"}}]}},"jetpack_sharing_enabled":true,"_links":{"self":[{"href":"https:\/\/www.mapleleaffoods.com\/fr\/wp-json\/wp\/v2\/mlfcorp_news\/246472"}],"collection":[{"href":"https:\/\/www.mapleleaffoods.com\/fr\/wp-json\/wp\/v2\/mlfcorp_news"}],"about":[{"href":"https:\/\/www.mapleleaffoods.com\/fr\/wp-json\/wp\/v2\/types\/mlfcorp_news"}],"author":[{"embeddable":true,"href":"https:\/\/www.mapleleaffoods.com\/fr\/wp-json\/wp\/v2\/users\/18"}],"version-history":[{"count":1,"href":"https:\/\/www.mapleleaffoods.com\/fr\/wp-json\/wp\/v2\/mlfcorp_news\/246472\/revisions"}],"predecessor-version":[{"id":248295,"href":"https:\/\/www.mapleleaffoods.com\/fr\/wp-json\/wp\/v2\/mlfcorp_news\/246472\/revisions\/248295"}],"wp:attachment":[{"href":"https:\/\/www.mapleleaffoods.com\/fr\/wp-json\/wp\/v2\/media?parent=246472"}],"wp:term":[{"taxonomy":"mlfcorp_news_category","embeddable":true,"href":"https:\/\/www.mapleleaffoods.com\/fr\/wp-json\/wp\/v2\/mlfcorp_news_category?post=246472"}],"curies":[{"name":"wp","href":"https:\/\/api.w.org\/{rel}","templated":true}]}}