{"id":246454,"date":"2021-04-16T21:38:00","date_gmt":"2021-04-16T21:38:00","guid":{"rendered":"https:\/\/staging.mapleleaffoods.com\/fr\/news\/les-aliments-maple-leaf-inc-annonce-le-depart-de-john-lederer-de-son-conseil-dadministration\/"},"modified":"2024-12-17T16:52:59","modified_gmt":"2024-12-17T21:52:59","slug":"annonce-depart-john-lederer-son-conseil-dadministration","status":"publish","type":"mlfcorp_news","link":"https:\/\/www.mapleleaffoods.com\/fr\/news\/annonce-depart-john-lederer-son-conseil-dadministration\/","title":{"rendered":"Les Aliments Maple Leaf Inc. annonce le d\u00e9part de John Lederer de son conseil d&#8217;administration"},"content":{"rendered":"<p><span class=\"xn-location\">MISSISSAUGA, ON<\/span>, le 16 avril 2021 \/CNW\/ - Les Aliments Maple Leaf Inc. (\u00ab\u00a0les Aliments Maple Leaf\u00a0\u00bb ou \u00ab\u00a0l'entreprise\u00a0\u00bb) (TSX\u00a0: MFI) a annonc\u00e9 aujourd'hui que, pour des raisons personnelles, John\u00a0Lederer ne sollicitera pas de nouveau mandat au sein du conseil d'administration lors des \u00e9lections qui se tiendront pendant l'assembl\u00e9e g\u00e9n\u00e9rale annuelle de l'entreprise (l'\u00ab\u00a0AGA\u00a0\u00bb), le 5\u00a0mai\u00a02021.<\/p>\n<p>\u00ab\u00a0Depuis sa premi\u00e8re \u00e9lection en mai\u00a02016, John a apport\u00e9 une grande contribution au conseil d'administration, d\u00e9clare Geoff\u00a0Beattie, pr\u00e9sident du conseil d'administration. Pour les autres administrateurs comme pour moi, c'est un honneur d'avoir pu travailler \u00e0 ses c\u00f4t\u00e9s, et son approche r\u00e9fl\u00e9chie nous manquera.\u00a0\u00bb<\/p>\n<p>\u00ab\u00a0J'ai le plus grand respect pour le leadership et le point de vue \u00e9clair\u00e9 de John, affirme Michael\u00a0McCain, pr\u00e9sident et chef de la direction. John a jou\u00e9 un r\u00f4le central en offrant de judicieux conseils et en orientant les d\u00e9cisions cruciales de l'entreprise. Je lui souhaite la meilleure des chances apr\u00e8s son mandat aupr\u00e8s des Aliments Maple Leaf.\u00a0\u00bb<\/p>\n<p>L'entreprise a d\u00e9pos\u00e9 un amendement (l'\u00ab\u00a0amendement\u00a0\u00bb) \u00e0 sa circulaire d'information de la direction\u00a02021. Cet amendement fait \u00e9tat de la d\u00e9cision de M.\u00a0Lederer de quitter le conseil d'administration et fait passer de dix \u00e0 neuf le nombre d'administrateurs \u00e0 \u00e9lire lors de l'AGA. Le mandat de M.\u00a0Lederer comme administrateur prendra fin \u00e0 la cl\u00f4ture de l'AGA.<\/p>\n<p>L'amendement est accessible sur SEDAR \u00e0 <a href=\"https:\/\/www.sedarplus.ca\/landingpage\/\" target=\"_blank\" rel=\"nofollow noopener\">www.sedar.com<\/a>\u00a0et sur le site Web de l'entreprise \u00e0 <a href=\"https:\/\/c212.net\/c\/link\/?t=0&amp;l=fr&amp;o=3132414-1&amp;h=3621260618&amp;u=https%3A%2F%2Fmapleleaffoods.local%2Ffr%2F&amp;a=www.mapleleaffoods.com%2Ffr%2F\" target=\"_blank\" rel=\"nofollow noopener\">www.mapleleaffoods.com\/fr\/<\/a>. Les actionnaires pourront continuer de voter pour les questions \u00e0 l'\u00e9tude lors de l'AGA au moyen des formulaires d'information sur le vote par procuration et le vote qui leur ont \u00e9t\u00e9 distribu\u00e9s. Toutefois, tout vote en faveur de l'\u00e9lection de M.\u00a0Lederer sera \u00e9limin\u00e9.<\/p>\n<p><b>\u00c0 propos des Aliments Maple\u00a0Leaf<br \/>\n<\/b>Les Aliments Maple Leaf Inc. (les \u00ab\u00a0Aliments Maple Leaf\u00a0\u00bb) est une entreprise carboneutre dont la vision est d'\u00eatre l'entreprise de produits prot\u00e9in\u00e9s la plus durable sur terre en fabriquant de fa\u00e7on responsable des produits alimentaires sous des marques nationales comme Maple Leaf<sup>\u00ae<\/sup>, Prime de Maple Leaf<sup>\u00ae<\/sup>, Natural Selections Maple Leaf<sup>\u00ae<\/sup>, Schneiders<sup>\u00ae<\/sup>, Country Naturals<sup>MD<\/sup> Schneiders<sup>\u00ae<\/sup>, Mina<sup>MD<\/sup>, Greenfield Natural Meat Co.<sup>MC<\/sup>, Lightlife<sup>\u00ae<\/sup>, Field Roast<sup>MC<\/sup> et Swift<sup>\u00ae<\/sup>. Les Aliments Maple Leaf emploie environ 13 500 personnes et exerce ses activit\u00e9s au <span class=\"xn-location\">Canada<\/span>, aux \u00c9tats Unis et en Asie. Le si\u00e8ge social de l'entreprise se trouve \u00e0 <span class=\"xn-location\">Mississauga<\/span>, en <span class=\"xn-location\">Ontario<\/span>, et ses actions sont inscrites \u00e0 la Bourse de <span class=\"xn-location\">Toronto<\/span> sous le symbole MFI.<\/p>\n<p>Site Web\u00a0:\u00a0<a href=\"https:\/\/c212.net\/c\/link\/?t=0&amp;l=fr&amp;o=3132414-1&amp;h=3913039718&amp;u=https%3A%2F%2Fc212.net%2Fc%2Flink%2F%3Ft%3D0%26l%3Den%26o%3D2668473-1%26h%3D2850292971%26u%3Dhttp%253A%252F%252Fwww.mapleleaffoods.com%252F%26a%3Dwww.MapleLeafFoods.com&amp;a=www.MapleLeafFoods.com\" target=\"_blank\" rel=\"nofollow noopener\">www.MapleLeafFoods.com<\/a><br \/>\nTwitter\u00a0: @MapleLeafFoods<\/p>\n<p>SOURCE Les Aliments Maple Leaf Inc.<\/p>\n<p>Relations avec les investisseurs : Mike Rawle, 905-285-5732; Relations avec les m\u00e9dias : Janet Riley, 905-285-1515 ; Pour de plus amples renseignements, veuillez communiquer avec : Media.Hotline@MapleLeaf.com<\/p>\n","protected":false},"excerpt":{"rendered":"<p>MISSISSAUGA, ON, le 16 avril 2021 \/CNW\/ &#8211; Les Aliments Maple Leaf Inc. (\u00ab\u00a0les Aliments Maple Leaf\u00a0\u00bb ou \u00ab\u00a0l&#8217;entreprise\u00a0\u00bb) (TSX\u00a0: [&hellip;]<\/p>\n","protected":false},"author":2,"featured_media":0,"template":"","mlfcorp_news_category":[],"class_list":["post-246454","mlfcorp_news","type-mlfcorp_news","status-publish","hentry"],"acf":[],"yoast_head":"<!-- This site is optimized with the Yoast SEO plugin v21.7 - https:\/\/yoast.com\/wordpress\/plugins\/seo\/ -->\n<title>Le d\u00e9part de John Lederer | Les Aliments Maple Leaf<\/title>\n<meta name=\"description\" content=\"Les Aliments Maple Leaf Inc. a annonc\u00e9 aujourd&#039;hui que, pour des raisons personnelles, John\u00a0Lederer ne sollicitera pas...\" \/>\n<meta name=\"robots\" content=\"index, follow, max-snippet:-1, max-image-preview:large, max-video-preview:-1\" \/>\n<link rel=\"canonical\" href=\"https:\/\/www.mapleleaffoods.com\/fr\/news\/annonce-depart-john-lederer-son-conseil-dadministration\/\" \/>\n<meta property=\"og:locale\" content=\"fr_FR\" \/>\n<meta property=\"og:type\" content=\"article\" \/>\n<meta property=\"og:title\" content=\"Le d\u00e9part de John Lederer | Les Aliments Maple Leaf\" \/>\n<meta property=\"og:description\" content=\"Les Aliments Maple Leaf Inc. a annonc\u00e9 aujourd&#039;hui que, pour des raisons personnelles, John\u00a0Lederer ne sollicitera pas...\" \/>\n<meta property=\"og:url\" content=\"https:\/\/www.mapleleaffoods.com\/fr\/news\/annonce-depart-john-lederer-son-conseil-dadministration\/\" \/>\n<meta property=\"og:site_name\" content=\"Les Aliments Maple Leaf\" \/>\n<meta property=\"article:modified_time\" content=\"2024-12-17T21:52:59+00:00\" \/>\n<meta name=\"twitter:card\" content=\"summary_large_image\" \/>\n<meta name=\"twitter:label1\" content=\"Dur\u00e9e de lecture estim\u00e9e\" \/>\n\t<meta name=\"twitter:data1\" content=\"3 minutes\" \/>\n<script type=\"application\/ld+json\" class=\"yoast-schema-graph\">{\"@context\":\"https:\/\/schema.org\",\"@graph\":[{\"@type\":\"WebPage\",\"@id\":\"https:\/\/www.mapleleaffoods.com\/fr\/news\/annonce-depart-john-lederer-son-conseil-dadministration\/\",\"url\":\"https:\/\/www.mapleleaffoods.com\/fr\/news\/annonce-depart-john-lederer-son-conseil-dadministration\/\",\"name\":\"Le d\u00e9part de John Lederer | Les Aliments Maple Leaf\",\"isPartOf\":{\"@id\":\"https:\/\/www.mapleleaffoods.com\/fr\/#website\"},\"datePublished\":\"2021-04-16T21:38:00+00:00\",\"dateModified\":\"2024-12-17T21:52:59+00:00\",\"description\":\"Les Aliments Maple Leaf Inc. a annonc\u00e9 aujourd'hui que, pour des raisons personnelles, John\u00a0Lederer ne sollicitera pas...\",\"breadcrumb\":{\"@id\":\"https:\/\/www.mapleleaffoods.com\/fr\/news\/annonce-depart-john-lederer-son-conseil-dadministration\/#breadcrumb\"},\"inLanguage\":\"fr-FR\",\"potentialAction\":[{\"@type\":\"ReadAction\",\"target\":[\"https:\/\/www.mapleleaffoods.com\/fr\/news\/annonce-depart-john-lederer-son-conseil-dadministration\/\"]}]},{\"@type\":\"BreadcrumbList\",\"@id\":\"https:\/\/www.mapleleaffoods.com\/fr\/news\/annonce-depart-john-lederer-son-conseil-dadministration\/#breadcrumb\",\"itemListElement\":[{\"@type\":\"ListItem\",\"position\":1,\"name\":\"Page d\u2019accueil\",\"item\":\"https:\/\/www.mapleleaffoods.com\/fr\/\"},{\"@type\":\"ListItem\",\"position\":2,\"name\":\"Les Aliments Maple Leaf Inc. annonce le d\u00e9part de John Lederer de son conseil d&#8217;administration\"}]},{\"@type\":\"WebSite\",\"@id\":\"https:\/\/www.mapleleaffoods.com\/fr\/#website\",\"url\":\"https:\/\/www.mapleleaffoods.com\/fr\/\",\"name\":\"Les Aliments Maple Leaf\",\"description\":\"Premi\u00e8re grande entreprise alimentaire carboneutre au monde\",\"publisher\":{\"@id\":\"https:\/\/www.mapleleaffoods.com\/fr\/#organization\"},\"potentialAction\":[{\"@type\":\"SearchAction\",\"target\":{\"@type\":\"EntryPoint\",\"urlTemplate\":\"https:\/\/www.mapleleaffoods.com\/fr\/?s={search_term_string}\"},\"query-input\":\"required name=search_term_string\"}],\"inLanguage\":\"fr-FR\"},{\"@type\":\"Organization\",\"@id\":\"https:\/\/www.mapleleaffoods.com\/fr\/#organization\",\"name\":\"Les Aliments Maple Leaf\",\"url\":\"https:\/\/www.mapleleaffoods.com\/fr\/\",\"logo\":{\"@type\":\"ImageObject\",\"inLanguage\":\"fr-FR\",\"@id\":\"https:\/\/www.mapleleaffoods.com\/fr\/#\/schema\/logo\/image\/\",\"url\":\"https:\/\/www.mapleleaffoods.com\/fr\/wp-content\/uploads\/sites\/7\/2026\/02\/L_MapleLeaf_4C_White_v1_EN.png\",\"contentUrl\":\"https:\/\/www.mapleleaffoods.com\/fr\/wp-content\/uploads\/sites\/7\/2026\/02\/L_MapleLeaf_4C_White_v1_EN.png\",\"width\":1829,\"height\":2200,\"caption\":\"Les Aliments Maple Leaf\"},\"image\":{\"@id\":\"https:\/\/www.mapleleaffoods.com\/fr\/#\/schema\/logo\/image\/\"}}]}<\/script>\n<!-- \/ Yoast SEO plugin. -->","yoast_head_json":{"title":"Le d\u00e9part de John Lederer | Les Aliments Maple Leaf","description":"Les Aliments Maple Leaf Inc. a annonc\u00e9 aujourd'hui que, pour des raisons personnelles, John\u00a0Lederer ne sollicitera pas...","robots":{"index":"index","follow":"follow","max-snippet":"max-snippet:-1","max-image-preview":"max-image-preview:large","max-video-preview":"max-video-preview:-1"},"canonical":"https:\/\/www.mapleleaffoods.com\/fr\/news\/annonce-depart-john-lederer-son-conseil-dadministration\/","og_locale":"fr_FR","og_type":"article","og_title":"Le d\u00e9part de John Lederer | Les Aliments Maple Leaf","og_description":"Les Aliments Maple Leaf Inc. a annonc\u00e9 aujourd'hui que, pour des raisons personnelles, John\u00a0Lederer ne sollicitera pas...","og_url":"https:\/\/www.mapleleaffoods.com\/fr\/news\/annonce-depart-john-lederer-son-conseil-dadministration\/","og_site_name":"Les Aliments Maple Leaf","article_modified_time":"2024-12-17T21:52:59+00:00","twitter_card":"summary_large_image","twitter_misc":{"Dur\u00e9e de lecture estim\u00e9e":"3 minutes"},"schema":{"@context":"https:\/\/schema.org","@graph":[{"@type":"WebPage","@id":"https:\/\/www.mapleleaffoods.com\/fr\/news\/annonce-depart-john-lederer-son-conseil-dadministration\/","url":"https:\/\/www.mapleleaffoods.com\/fr\/news\/annonce-depart-john-lederer-son-conseil-dadministration\/","name":"Le d\u00e9part de John Lederer | Les Aliments Maple Leaf","isPartOf":{"@id":"https:\/\/www.mapleleaffoods.com\/fr\/#website"},"datePublished":"2021-04-16T21:38:00+00:00","dateModified":"2024-12-17T21:52:59+00:00","description":"Les Aliments Maple Leaf Inc. a annonc\u00e9 aujourd'hui que, pour des raisons personnelles, John\u00a0Lederer ne sollicitera pas...","breadcrumb":{"@id":"https:\/\/www.mapleleaffoods.com\/fr\/news\/annonce-depart-john-lederer-son-conseil-dadministration\/#breadcrumb"},"inLanguage":"fr-FR","potentialAction":[{"@type":"ReadAction","target":["https:\/\/www.mapleleaffoods.com\/fr\/news\/annonce-depart-john-lederer-son-conseil-dadministration\/"]}]},{"@type":"BreadcrumbList","@id":"https:\/\/www.mapleleaffoods.com\/fr\/news\/annonce-depart-john-lederer-son-conseil-dadministration\/#breadcrumb","itemListElement":[{"@type":"ListItem","position":1,"name":"Page d\u2019accueil","item":"https:\/\/www.mapleleaffoods.com\/fr\/"},{"@type":"ListItem","position":2,"name":"Les Aliments Maple Leaf Inc. annonce le d\u00e9part de John Lederer de son conseil d&#8217;administration"}]},{"@type":"WebSite","@id":"https:\/\/www.mapleleaffoods.com\/fr\/#website","url":"https:\/\/www.mapleleaffoods.com\/fr\/","name":"Les Aliments Maple Leaf","description":"Premi\u00e8re grande entreprise alimentaire carboneutre au monde","publisher":{"@id":"https:\/\/www.mapleleaffoods.com\/fr\/#organization"},"potentialAction":[{"@type":"SearchAction","target":{"@type":"EntryPoint","urlTemplate":"https:\/\/www.mapleleaffoods.com\/fr\/?s={search_term_string}"},"query-input":"required name=search_term_string"}],"inLanguage":"fr-FR"},{"@type":"Organization","@id":"https:\/\/www.mapleleaffoods.com\/fr\/#organization","name":"Les Aliments Maple Leaf","url":"https:\/\/www.mapleleaffoods.com\/fr\/","logo":{"@type":"ImageObject","inLanguage":"fr-FR","@id":"https:\/\/www.mapleleaffoods.com\/fr\/#\/schema\/logo\/image\/","url":"https:\/\/www.mapleleaffoods.com\/fr\/wp-content\/uploads\/sites\/7\/2026\/02\/L_MapleLeaf_4C_White_v1_EN.png","contentUrl":"https:\/\/www.mapleleaffoods.com\/fr\/wp-content\/uploads\/sites\/7\/2026\/02\/L_MapleLeaf_4C_White_v1_EN.png","width":1829,"height":2200,"caption":"Les Aliments Maple Leaf"},"image":{"@id":"https:\/\/www.mapleleaffoods.com\/fr\/#\/schema\/logo\/image\/"}}]}},"jetpack_sharing_enabled":true,"_links":{"self":[{"href":"https:\/\/www.mapleleaffoods.com\/fr\/wp-json\/wp\/v2\/mlfcorp_news\/246454"}],"collection":[{"href":"https:\/\/www.mapleleaffoods.com\/fr\/wp-json\/wp\/v2\/mlfcorp_news"}],"about":[{"href":"https:\/\/www.mapleleaffoods.com\/fr\/wp-json\/wp\/v2\/types\/mlfcorp_news"}],"author":[{"embeddable":true,"href":"https:\/\/www.mapleleaffoods.com\/fr\/wp-json\/wp\/v2\/users\/2"}],"version-history":[{"count":5,"href":"https:\/\/www.mapleleaffoods.com\/fr\/wp-json\/wp\/v2\/mlfcorp_news\/246454\/revisions"}],"predecessor-version":[{"id":258448,"href":"https:\/\/www.mapleleaffoods.com\/fr\/wp-json\/wp\/v2\/mlfcorp_news\/246454\/revisions\/258448"}],"wp:attachment":[{"href":"https:\/\/www.mapleleaffoods.com\/fr\/wp-json\/wp\/v2\/media?parent=246454"}],"wp:term":[{"taxonomy":"mlfcorp_news_category","embeddable":true,"href":"https:\/\/www.mapleleaffoods.com\/fr\/wp-json\/wp\/v2\/mlfcorp_news_category?post=246454"}],"curies":[{"name":"wp","href":"https:\/\/api.w.org\/{rel}","templated":true}]}}